{"id":1453,"date":"2017-09-06T15:36:55","date_gmt":"2017-09-06T13:36:55","guid":{"rendered":"http:\/\/beta.kannewischer.group\/2019\/09\/06\/universitaet-basel-fertigstellung-2019\/"},"modified":"2021-02-01T20:56:32","modified_gmt":"2021-02-01T19:56:32","slug":"universitaet-basel-fertigstellung-2019","status":"publish","type":"post","link":"https:\/\/www.kannewischer.ch\/fr\/2017\/09\/universitaet-basel-fertigstellung-2019\/","title":{"rendered":"Complexes scolaires Riedtli et Gr\u00fcnau, Z\u00fcrich"},"content":{"rendered":"\n<div class=\"wp-block-group\"><div class=\"wp-block-group__inner-container is-layout-flow wp-block-group-is-layout-flow\">\n<h1 class=\"project wp-block-heading\">Complexes scolaires Riedtli et Gr\u00fcnau, Z\u00fcrich<\/h1>\n\n\n\n<div class=\"wp-block-columns project is-layout-flex wp-container-core-columns-is-layout-9d6595d7 wp-block-columns-is-layout-flex\">\n<div class=\"wp-block-column is-layout-flow wp-block-column-is-layout-flow\" style=\"flex-basis:66.66%\">\n<p>Les piscines et gymnases des \u00e9coles Gr\u00fcnau&nbsp;et Riedtli \u00e0 Zurich sont un \u00e9l\u00e9ment important de l\u2019offre diversifi\u00e9e d\u2019\u00e9ducation physique de la ville de Zurich.<\/p>\n\n\n\n<figure class=\"wp-block-image size-large\"><img loading=\"lazy\" decoding=\"async\" width=\"1110\" height=\"833\" src=\"https:\/\/www.kannewischer.ch\/wp-content\/uploads\/Gr\u00fcnau-2-1110x833.jpg\" alt=\"\" class=\"wp-image-2582\" srcset=\"https:\/\/www.kannewischer.ch\/wp-content\/uploads\/Gr\u00fcnau-2-1110x833.jpg 1110w, https:\/\/www.kannewischer.ch\/wp-content\/uploads\/Gr\u00fcnau-2-800x600.jpg 800w, https:\/\/www.kannewischer.ch\/wp-content\/uploads\/Gr\u00fcnau-2-768x576.jpg 768w, https:\/\/www.kannewischer.ch\/wp-content\/uploads\/Gr\u00fcnau-2-1536x1152.jpg 1536w, https:\/\/www.kannewischer.ch\/wp-content\/uploads\/Gr\u00fcnau-2-2048x1536.jpg 2048w, https:\/\/www.kannewischer.ch\/wp-content\/uploads\/Gr\u00fcnau-2-300x225.jpg 300w, https:\/\/www.kannewischer.ch\/wp-content\/uploads\/Gr\u00fcnau-2-1024x768.jpg 1024w\" sizes=\"auto, (max-width: 1110px) 100vw, 1110px\" \/><\/figure>\n\n\n\n<p>Les deux complexes scolaires de Zurich ont \u00e9t\u00e9 construits dans les ann\u00e9es 1980 et comprennent le b\u00e2timent scolaire et la piscine avec le gymnase. La partie du b\u00e2timent comprenant la piscine et le gymnase est un b\u00e2timent de deux \u00e9tages, dont la moiti\u00e9 est enterr\u00e9e, avec un toit plat v\u00e9g\u00e9talis\u00e9. Le sous-sol comporte deux vestiaires pour la piscine et deux pour le gymnase, ainsi que d\u2019autres pi\u00e8ces annexes.<\/p>\n\n\n\n<p>Afin de r\u00e9pondre aux exigences \u00e9nerg\u00e9tiques et hygi\u00e9niques actuelles, toute la technologie du b\u00e2timent a \u00e9t\u00e9 renouvel\u00e9e et des parties enti\u00e8res de l\u2019installation ont \u00e9t\u00e9 remplac\u00e9es compl\u00e8tement. Tous les conduits de ventilation, de chauffage et des installations sanitaires, ainsi que les goulottes \u00e9lectriques peuvent \u00eatre log\u00e9s dans des tr\u00e8s petites cavit\u00e9s et ne sont donc pas visibles pour l\u2019utilisateur.<\/p>\n\n\n\n<p>En outre, une attention particuli\u00e8re a \u00e9t\u00e9 accord\u00e9e aux installations sanitaires adapt\u00e9es aux enfants. Toute la robinetterie est \u00e0 fermeture automatique et \u00e9quip\u00e9e d\u2019une protection contre les br\u00fblures.<\/p>\n<\/div>\n\n\n\n<div class=\"wp-block-column is-layout-flow wp-block-column-is-layout-flow\" style=\"flex-basis:33.33%\">\n<p class=\"mb-0 has-blue-color has-text-color\"><strong>Ma\u00eetre d\u2019ouvrage<\/strong><\/p>\n\n\n\n<p>Immobilien Stadt Z\u00fcrich<br>CH-8001 Z\u00fcrich<\/p>\n\n\n\n<p class=\"mb-0 has-blue-color has-text-color\"><strong>Architecte<\/strong><\/p>\n\n\n\n<p>roosarchitekten GmbH<br>Rapperswil<\/p>\n\n\n\n<p class=\"mb-0 has-blue-color has-text-color\"><strong>P\u00e9riode<\/strong><\/p>\n\n\n\n<p>R\u00e9alisation 2016-2017<\/p>\n\n\n\n<p class=\"mb-0 has-blue-color has-text-color\"><strong>Projet de construction<\/strong><\/p>\n\n\n\n<p>R\u00e9novation<\/p>\n\n\n\n<p class=\"mb-0 has-blue-color has-text-color\"><strong>Type de b\u00e2timent<\/strong><\/p>\n\n\n\n<p>Piscines, gymnases<\/p>\n\n\n\n<p class=\"mb-0 has-blue-color has-text-color\"><strong>Nos prestations<\/strong><\/p>\n\n\n\n<ul class=\"is-style-list-carets-blue wp-block-list\"><li>Planification technique pour le chauffage, la ventilation et les installations sanitaires<\/li><li>Conduite sp\u00e9cialis\u00e9e des travaux pour le chauffage, la ventilation et les installations sanitaires<\/li><li>Coordination g\u00e9n\u00e9rale<\/li><\/ul>\n\n\n\n<p class=\"mb-0 has-blue-color has-text-color\"><strong>Groupes d\u2019immobilisations<\/strong><\/p>\n\n\n\n<p class=\"icon\">Chauffage<\/p>\n\n\n\n<p class=\"icon\">Ventilation<\/p>\n\n\n\n<p class=\"icon\">Sanitaire<\/p>\n\n\n\n<p>Syst\u00e8mes solaires<\/p>\n\n\n\n<p class=\"icon\">Installations d\u2019eaux de bassin<\/p>\n<\/div>\n<\/div>\n<\/div><\/div>\n\n\n\n<p><\/p>\n","protected":false},"excerpt":{"rendered":"<p>Complexes scolaires Riedtli et Gr\u00fcnau, Z\u00fcrich Les piscines et gymnases des \u00e9coles Gr\u00fcnau&nbsp;et Riedtli \u00e0 Zurich sont un \u00e9l\u00e9ment important de l\u2019offre diversifi\u00e9e d\u2019\u00e9ducation physique de la ville de Zurich. Les deux complexes scolaires de Zurich ont \u00e9t\u00e9 construits dans les ann\u00e9es 1980 et comprennent le b\u00e2timent scolaire et la piscine avec le gymnase. La <a class=\"understrap-read-more-link\" href=\"https:\/\/www.kannewischer.ch\/fr\/2017\/09\/universitaet-basel-fertigstellung-2019\/\">Lire la suite<\/a><\/p>\n","protected":false},"author":1334,"featured_media":2582,"comment_status":"closed","ping_status":"closed","sticky":false,"template":"","format":"standard","meta":{"_acf_changed":false,"footnotes":""},"categories":[54,52],"tags":[],"class_list":["post-1453","post","type-post","status-publish","format-standard","has-post-thumbnail","hentry","category-piscines","category-toutes-les-references"],"acf":[],"_links":{"self":[{"href":"https:\/\/www.kannewischer.ch\/fr\/wp-json\/wp\/v2\/posts\/1453","targetHints":{"allow":["GET"]}}],"collection":[{"href":"https:\/\/www.kannewischer.ch\/fr\/wp-json\/wp\/v2\/posts"}],"about":[{"href":"https:\/\/www.kannewischer.ch\/fr\/wp-json\/wp\/v2\/types\/post"}],"author":[{"embeddable":true,"href":"https:\/\/www.kannewischer.ch\/fr\/wp-json\/wp\/v2\/users\/1334"}],"replies":[{"embeddable":true,"href":"https:\/\/www.kannewischer.ch\/fr\/wp-json\/wp\/v2\/comments?post=1453"}],"version-history":[{"count":2,"href":"https:\/\/www.kannewischer.ch\/fr\/wp-json\/wp\/v2\/posts\/1453\/revisions"}],"predecessor-version":[{"id":3729,"href":"https:\/\/www.kannewischer.ch\/fr\/wp-json\/wp\/v2\/posts\/1453\/revisions\/3729"}],"wp:featuredmedia":[{"embeddable":true,"href":"https:\/\/www.kannewischer.ch\/fr\/wp-json\/wp\/v2\/media\/2582"}],"wp:attachment":[{"href":"https:\/\/www.kannewischer.ch\/fr\/wp-json\/wp\/v2\/media?parent=1453"}],"wp:term":[{"taxonomy":"category","embeddable":true,"href":"https:\/\/www.kannewischer.ch\/fr\/wp-json\/wp\/v2\/categories?post=1453"},{"taxonomy":"post_tag","embeddable":true,"href":"https:\/\/www.kannewischer.ch\/fr\/wp-json\/wp\/v2\/tags?post=1453"}],"curies":[{"name":"wp","href":"https:\/\/api.w.org\/{rel}","templated":true}]}}