{"id":1477,"date":"2009-12-05T16:22:38","date_gmt":"2009-12-05T15:22:38","guid":{"rendered":"http:\/\/beta.kannewischer.group\/2019\/12\/05\/tamina-therme-bad-ragez\/"},"modified":"2021-01-25T14:33:03","modified_gmt":"2021-01-25T13:33:03","slug":"tamina-therme-bad-ragaz","status":"publish","type":"post","link":"https:\/\/www.kannewischer.ch\/fr\/2009\/12\/tamina-therme-bad-ragaz\/","title":{"rendered":"Tamina Therme, Bad Ragaz"},"content":{"rendered":"\n<div class=\"wp-block-group\"><div class=\"wp-block-group__inner-container is-layout-flow wp-block-group-is-layout-flow\">\n<h1 class=\"project wp-block-heading\">Bains thermaux de Tamina, Bad Ragaz<\/h1>\n\n\n\n<div class=\"wp-block-columns project is-layout-flex wp-container-core-columns-is-layout-9d6595d7 wp-block-columns-is-layout-flex\">\n<div class=\"wp-block-column is-layout-flow wp-block-column-is-layout-flow\" style=\"flex-basis:66.66%\">\n<figure class=\"wp-block-image size-large\"><img loading=\"lazy\" decoding=\"async\" width=\"1024\" height=\"704\" src=\"https:\/\/www.kannewischer.ch\/wp-content\/uploads\/referenz-1@3x-1024x704.png\" alt=\"\" class=\"wp-image-1234\"\/><\/figure>\n\n\n\n<p>Depuis 1840, l\u2019eau thermale chaude de 36,5\u00b0C de la source Tamina est achemin\u00e9e \u00e0 Bad Ragaz. La premi\u00e8re piscine couverte thermale d\u2019Europe y a \u00e9t\u00e9 inaugur\u00e9e en 1871.<\/p>\n\n\n\n<p>Apr\u00e8s la d\u00e9molition des anciens bains thermaux, les nouveaux thermes Tamina ont \u00e9t\u00e9 construits sur le m\u00eame site. D\u00e9couvrez dans cette nouvelle construction l\u2019eau sous sa forme la plus pure, jaillissant d\u2019une source bouillonnante, sur plus de 7&nbsp;300&nbsp;m\u00b2. Vous pourrez savourer cette exp\u00e9rience au milieu d\u2019une architecture audacieuse avec des colonnes futuristes et de hauts plafonds.<\/p>\n<\/div>\n\n\n\n<div class=\"wp-block-column is-layout-flow wp-block-column-is-layout-flow\" style=\"flex-basis:33.33%\">\n<p class=\"mb-0 has-blue-color has-text-color\"><strong>Ma\u00eetre d\u2019ouvrage<\/strong><\/p>\n\n\n\n<p>Grand Resort Bad Ragaz AG<\/p>\n\n\n\n<p class=\"mb-0 has-blue-color has-text-color\"><strong>Architecte<\/strong><\/p>\n\n\n\n<p>Smolenicky &amp; Partner AG<br>CH-8001 Z\u00fcrich<\/p>\n\n\n\n<p class=\"mb-0 has-blue-color has-text-color\"><strong>P\u00e9riode<\/strong><\/p>\n\n\n\n<p>R\u00e9alisation 2008-2009<\/p>\n\n\n\n<p class=\"mb-0 has-blue-color has-text-color\"><strong>Projet de construction<\/strong><\/p>\n\n\n\n<p>Nouveau&nbsp;b\u00e2timent<\/p>\n\n\n\n<p class=\"mb-0 has-blue-color has-text-color\"><strong>Type de&nbsp;b\u00e2timent<\/strong><\/p>\n\n\n\n<p>Bain thermal<\/p>\n\n\n\n<p class=\"mb-0 has-blue-color has-text-color\"><strong>Nos prestations<\/strong><\/p>\n\n\n\n<ul class=\"is-style-list-carets-blue wp-block-list\"><li>Planification technique pour le chauffage, la ventilation, les installations sanitaires et les eaux de bassin<\/li><li>Conduite sp\u00e9cialis\u00e9e des travaux pour le chauffage, la ventilation, les installations sanitaires et les eaux de bassin<\/li><li>Coordination des installations techniques<\/li><\/ul>\n\n\n\n<p class=\"mb-0 has-blue-color has-text-color\"><strong>Groupes d\u2019immobilisations<\/strong><\/p>\n\n\n\n<p class=\"icon\">Chauffage<\/p>\n\n\n\n<p class=\"icon\">Ventilation<\/p>\n\n\n\n<p class=\"icon\">Sanitaire<\/p>\n\n\n\n<p class=\"icon\">Installations d\u2019eaux de bassin<\/p>\n<\/div>\n<\/div>\n<\/div><\/div>\n\n\n\n<p><\/p>\n","protected":false},"excerpt":{"rendered":"<p>Kannewischer | 2008-2009 | <a class=\"understrap-read-more-link\" href=\"https:\/\/www.kannewischer.ch\/fr\/2009\/12\/tamina-therme-bad-ragaz\/\">Lire la suite<\/a><\/p>\n","protected":false},"author":1334,"featured_media":1234,"comment_status":"closed","ping_status":"closed","sticky":false,"template":"","format":"standard","meta":{"_acf_changed":false,"footnotes":""},"categories":[54,52],"tags":[],"class_list":["post-1477","post","type-post","status-publish","format-standard","has-post-thumbnail","hentry","category-piscines","category-toutes-les-references"],"acf":[],"_links":{"self":[{"href":"https:\/\/www.kannewischer.ch\/fr\/wp-json\/wp\/v2\/posts\/1477","targetHints":{"allow":["GET"]}}],"collection":[{"href":"https:\/\/www.kannewischer.ch\/fr\/wp-json\/wp\/v2\/posts"}],"about":[{"href":"https:\/\/www.kannewischer.ch\/fr\/wp-json\/wp\/v2\/types\/post"}],"author":[{"embeddable":true,"href":"https:\/\/www.kannewischer.ch\/fr\/wp-json\/wp\/v2\/users\/1334"}],"replies":[{"embeddable":true,"href":"https:\/\/www.kannewischer.ch\/fr\/wp-json\/wp\/v2\/comments?post=1477"}],"version-history":[{"count":2,"href":"https:\/\/www.kannewischer.ch\/fr\/wp-json\/wp\/v2\/posts\/1477\/revisions"}],"predecessor-version":[{"id":3636,"href":"https:\/\/www.kannewischer.ch\/fr\/wp-json\/wp\/v2\/posts\/1477\/revisions\/3636"}],"wp:featuredmedia":[{"embeddable":true,"href":"https:\/\/www.kannewischer.ch\/fr\/wp-json\/wp\/v2\/media\/1234"}],"wp:attachment":[{"href":"https:\/\/www.kannewischer.ch\/fr\/wp-json\/wp\/v2\/media?parent=1477"}],"wp:term":[{"taxonomy":"category","embeddable":true,"href":"https:\/\/www.kannewischer.ch\/fr\/wp-json\/wp\/v2\/categories?post=1477"},{"taxonomy":"post_tag","embeddable":true,"href":"https:\/\/www.kannewischer.ch\/fr\/wp-json\/wp\/v2\/tags?post=1477"}],"curies":[{"name":"wp","href":"https:\/\/api.w.org\/{rel}","templated":true}]}}