{"id":2292,"date":"2003-07-09T15:21:49","date_gmt":"2003-07-09T13:21:49","guid":{"rendered":"http:\/\/temp.kannewischer.ch\/2020\/07\/bodensee-therme-ueberlingen\/"},"modified":"2025-12-23T10:22:46","modified_gmt":"2025-12-23T09:22:46","slug":"bodensee-therme-ueberlingen","status":"publish","type":"post","link":"https:\/\/www.kannewischer.ch\/fr\/2003\/07\/bodensee-therme-ueberlingen\/","title":{"rendered":"Les thermes du Lac de Constance, \u00dcberlingen"},"content":{"rendered":"\n<div class=\"wp-block-group is-layout-flow wp-block-group-is-layout-flow\">\n<h1 class=\"wp-block-heading project\">Les thermes du Lac de Constance, \u00dcberlingen<\/h1>\n\n\n\n<div class=\"wp-block-columns project is-layout-flex wp-container-core-columns-is-layout-9d6595d7 wp-block-columns-is-layout-flex\">\n<div class=\"wp-block-column is-layout-flow wp-block-column-is-layout-flow\" style=\"flex-basis:66.66%\">\n<figure data-wp-context=\"{&quot;imageId&quot;:&quot;69f34bfc4b70a&quot;}\" data-wp-interactive=\"core\/image\" data-wp-key=\"69f34bfc4b70a\" class=\"wp-block-image size-large wp-lightbox-container\"><img loading=\"lazy\" decoding=\"async\" width=\"1110\" height=\"738\" data-wp-class--hide=\"state.isContentHidden\" data-wp-class--show=\"state.isContentVisible\" data-wp-init=\"callbacks.setButtonStyles\" data-wp-on--click=\"actions.showLightbox\" data-wp-on--load=\"callbacks.setButtonStyles\" data-wp-on-window--resize=\"callbacks.setButtonStyles\" src=\"https:\/\/www.kannewischer.ch\/wp-content\/uploads\/Bodenseetherme-\u00dcberlingen-1-1110x738.jpg\" alt=\"\" class=\"wp-image-2390\" srcset=\"https:\/\/www.kannewischer.ch\/wp-content\/uploads\/Bodenseetherme-\u00dcberlingen-1-1110x738.jpg 1110w, https:\/\/www.kannewischer.ch\/wp-content\/uploads\/Bodenseetherme-\u00dcberlingen-1-800x532.jpg 800w, https:\/\/www.kannewischer.ch\/wp-content\/uploads\/Bodenseetherme-\u00dcberlingen-1-768x511.jpg 768w, https:\/\/www.kannewischer.ch\/wp-content\/uploads\/Bodenseetherme-\u00dcberlingen-1-1536x1021.jpg 1536w, https:\/\/www.kannewischer.ch\/wp-content\/uploads\/Bodenseetherme-\u00dcberlingen-1-2048x1362.jpg 2048w, https:\/\/www.kannewischer.ch\/wp-content\/uploads\/Bodenseetherme-\u00dcberlingen-1-300x199.jpg 300w, https:\/\/www.kannewischer.ch\/wp-content\/uploads\/Bodenseetherme-\u00dcberlingen-1-1024x681.jpg 1024w\" sizes=\"auto, (max-width: 1110px) 100vw, 1110px\" \/><button\n\t\t\tclass=\"lightbox-trigger\"\n\t\t\ttype=\"button\"\n\t\t\taria-haspopup=\"dialog\"\n\t\t\taria-label=\"Agrandir\"\n\t\t\tdata-wp-init=\"callbacks.initTriggerButton\"\n\t\t\tdata-wp-on--click=\"actions.showLightbox\"\n\t\t\tdata-wp-style--right=\"state.imageButtonRight\"\n\t\t\tdata-wp-style--top=\"state.imageButtonTop\"\n\t\t>\n\t\t\t<svg xmlns=\"http:\/\/www.w3.org\/2000\/svg\" width=\"12\" height=\"12\" fill=\"none\" viewBox=\"0 0 12 12\">\n\t\t\t\t<path fill=\"#fff\" d=\"M2 0a2 2 0 0 0-2 2v2h1.5V2a.5.5 0 0 1 .5-.5h2V0H2Zm2 10.5H2a.5.5 0 0 1-.5-.5V8H0v2a2 2 0 0 0 2 2h2v-1.5ZM8 12v-1.5h2a.5.5 0 0 0 .5-.5V8H12v2a2 2 0 0 1-2 2H8Zm2-12a2 2 0 0 1 2 2v2h-1.5V2a.5.5 0 0 0-.5-.5H8V0h2Z\" \/>\n\t\t\t<\/svg>\n\t\t<\/button><\/figure>\n\n\n\n<p>\u00dcberlingen, une ville d\u2019environ 21&nbsp;000 habitants et reconnue comme station thermale Kneipp, est situ\u00e9e directement sur la rive occidentale du lac de Constance, appel\u00e9e \u00dcberlinger See. En tant que station thermale et lieu de vacances appr\u00e9ci\u00e9s, la commune poursuit le d\u00e9veloppement depuis plusieurs ann\u00e9es du tourisme au printemps, en automne et en hiver et souhaite cr\u00e9er une offre attrayante pour les vacanciers et les curistes.<\/p>\n\n\n\n<p>Pour soutenir ces efforts, un centre thermal et de loisirs a \u00e9t\u00e9 ouvert au bord du lac de Constance en novembre 2003. Il contient non seulement des installations destin\u00e9es \u00e0 la pratique du sport et des espaces d\u2019aventure, mais en tant que thermes, il est \u00e9galement orient\u00e9 vers le bien-\u00eatre, le repos et la d\u00e9tente.<\/p>\n<\/div>\n\n\n\n<div class=\"wp-block-column is-layout-flow wp-block-column-is-layout-flow\" style=\"flex-basis:33.33%\">\n<p class=\"mb-0 has-blue-color has-text-color\"><strong>Ma\u00eetre d\u2019ouvrage<\/strong><\/p>\n\n\n\n<p>Grosse Kreisstadt<br>D-88662 \u00dcberlingen<\/p>\n\n\n\n<p class=\"mb-0 has-blue-color has-text-color\"><strong>Architecte<\/strong><\/p>\n\n\n\n<p>Prof. Dr. R. Wienands<br>D-80333 M\u00fcnchen<\/p>\n\n\n\n<p class=\"mb-0 has-blue-color has-text-color\"><strong>P\u00e9riode<\/strong><\/p>\n\n\n\n<p>Realisation 2003<\/p>\n\n\n\n<p class=\"mb-0 has-blue-color has-text-color\"><strong>Projet de construction<\/strong><\/p>\n\n\n\n<p>Nouveau b\u00e2timent<\/p>\n\n\n\n<p class=\"mb-0 has-blue-color has-text-color\"><strong>Type de b\u00e2timent<\/strong><\/p>\n\n\n\n<p>Bains thermal<\/p>\n\n\n\n<p class=\"mb-0 has-blue-color has-text-color\"><strong>Nos prestations<\/strong><\/p>\n\n\n\n<ul class=\"wp-block-list is-style-list-carets-blue\">\n<li>Planification technique pour le chauffage, la ventilation, les installations sanitaires et les eaux de bassin<\/li>\n\n\n\n<li>responsable de la planification \u00e9lectrique<\/li>\n\n\n\n<li>Conduite sp\u00e9cialis\u00e9e des travaux pour le chauffage, la ventilation, les installations sanitaires et les eaux de bassin<\/li>\n\n\n\n<li>Coordination des installations techniques<\/li>\n<\/ul>\n\n\n\n<p class=\"mb-0 has-blue-color has-text-color\"><strong>Groupes d\u2019immobilisations<\/strong><\/p>\n\n\n\n<p class=\"icon\">Chauffage<\/p>\n\n\n\n<p class=\"icon\">Ventilation<\/p>\n\n\n\n<p class=\"icon\">Sanitaire<\/p>\n\n\n\n<p class=\"icon\">Installations d&rsquo;eaux de bassin<\/p>\n<\/div>\n<\/div>\n<\/div>\n\n\n\n<p><\/p>\n","protected":false},"excerpt":{"rendered":"<p>Kannewischer | 2003 |  <a class=\"understrap-read-more-link\" href=\"https:\/\/www.kannewischer.ch\/fr\/2003\/07\/bodensee-therme-ueberlingen\/\">Lire la suite<\/a><\/p>\n","protected":false},"author":1341,"featured_media":2386,"comment_status":"closed","ping_status":"closed","sticky":false,"template":"","format":"standard","meta":{"_acf_changed":false,"footnotes":""},"categories":[54,52],"tags":[],"class_list":["post-2292","post","type-post","status-publish","format-standard","has-post-thumbnail","hentry","category-piscines","category-toutes-les-references"],"acf":[],"_links":{"self":[{"href":"https:\/\/www.kannewischer.ch\/fr\/wp-json\/wp\/v2\/posts\/2292","targetHints":{"allow":["GET"]}}],"collection":[{"href":"https:\/\/www.kannewischer.ch\/fr\/wp-json\/wp\/v2\/posts"}],"about":[{"href":"https:\/\/www.kannewischer.ch\/fr\/wp-json\/wp\/v2\/types\/post"}],"author":[{"embeddable":true,"href":"https:\/\/www.kannewischer.ch\/fr\/wp-json\/wp\/v2\/users\/1341"}],"replies":[{"embeddable":true,"href":"https:\/\/www.kannewischer.ch\/fr\/wp-json\/wp\/v2\/comments?post=2292"}],"version-history":[{"count":2,"href":"https:\/\/www.kannewischer.ch\/fr\/wp-json\/wp\/v2\/posts\/2292\/revisions"}],"predecessor-version":[{"id":6365,"href":"https:\/\/www.kannewischer.ch\/fr\/wp-json\/wp\/v2\/posts\/2292\/revisions\/6365"}],"wp:featuredmedia":[{"embeddable":true,"href":"https:\/\/www.kannewischer.ch\/fr\/wp-json\/wp\/v2\/media\/2386"}],"wp:attachment":[{"href":"https:\/\/www.kannewischer.ch\/fr\/wp-json\/wp\/v2\/media?parent=2292"}],"wp:term":[{"taxonomy":"category","embeddable":true,"href":"https:\/\/www.kannewischer.ch\/fr\/wp-json\/wp\/v2\/categories?post=2292"},{"taxonomy":"post_tag","embeddable":true,"href":"https:\/\/www.kannewischer.ch\/fr\/wp-json\/wp\/v2\/tags?post=2292"}],"curies":[{"name":"wp","href":"https:\/\/api.w.org\/{rel}","templated":true}]}}