{"id":2308,"date":"2007-07-07T17:39:45","date_gmt":"2007-07-07T15:39:45","guid":{"rendered":"http:\/\/temp.kannewischer.ch\/2020\/07\/grand-hotel-kronenhof-pontresina\/"},"modified":"2021-01-25T14:37:24","modified_gmt":"2021-01-25T13:37:24","slug":"grand-hotel-kronenhof-pontresina","status":"publish","type":"post","link":"https:\/\/www.kannewischer.ch\/fr\/2007\/07\/grand-hotel-kronenhof-pontresina\/","title":{"rendered":"Grand Hotel Kronenhof, Pontresina"},"content":{"rendered":"\n<div class=\"wp-block-group\"><div class=\"wp-block-group__inner-container is-layout-flow wp-block-group-is-layout-flow\">\n<h1 class=\"project wp-block-heading\">Grand Hotel Kronenhof, Pontresina<\/h1>\n\n\n\n<div class=\"wp-block-columns project is-layout-flex wp-container-core-columns-is-layout-9d6595d7 wp-block-columns-is-layout-flex\">\n<div class=\"wp-block-column is-layout-flow wp-block-column-is-layout-flow\" style=\"flex-basis:66.66%\">\n<figure class=\"wp-block-image size-large\"><img loading=\"lazy\" decoding=\"async\" width=\"1023\" height=\"768\" src=\"https:\/\/www.kannewischer.ch\/wp-content\/uploads\/Pool-Pontresina.png\" alt=\"\" class=\"wp-image-2422\" srcset=\"https:\/\/www.kannewischer.ch\/wp-content\/uploads\/Pool-Pontresina.png 1023w, https:\/\/www.kannewischer.ch\/wp-content\/uploads\/Pool-Pontresina-800x601.png 800w, https:\/\/www.kannewischer.ch\/wp-content\/uploads\/Pool-Pontresina-768x577.png 768w, https:\/\/www.kannewischer.ch\/wp-content\/uploads\/Pool-Pontresina-300x225.png 300w\" sizes=\"auto, (max-width: 1023px) 100vw, 1023px\" \/><\/figure>\n\n\n\n<p>Le plus ancien h\u00f4tel cinq \u00e9toiles de l\u2019Engadine a \u00e9t\u00e9 vendu en 2004. Les nouveaux propri\u00e9taires ont alors investi 50 millions de francs suisses dans l\u2019avenir.<\/p>\n\n\n\n<p>\u00c0 partir de P\u00e2ques 2007, le nouveau spa ainsi que 28 chambres et suites modernes ont \u00e9t\u00e9 construits. Le nouveau spa, con\u00e7u par l\u2019architecte d\u2019int\u00e9rieur Jo Brinkmann, a \u00e9t\u00e9 inaugur\u00e9 le 13 d\u00e9cembre 2007. En 2008, le Grand H\u00f4tel Kronenhof a \u00e9t\u00e9 nomm\u00e9 H\u00f4tel de l\u2019ann\u00e9e par le \u00abGault Millau Suisse\u00bb.<\/p>\n\n\n\n<p><\/p>\n<\/div>\n\n\n\n<div class=\"wp-block-column is-layout-flow wp-block-column-is-layout-flow\" style=\"flex-basis:33.33%\">\n<p class=\"mb-0 has-blue-color has-text-color\"><strong>Ma\u00eetre d\u2019ouvrage<\/strong><\/p>\n\n\n\n<p>Grand Hotel Kronenhof<br>CH-7504 Pontresina<\/p>\n\n\n\n<p class=\"mb-0 has-blue-color has-text-color\"><strong>Architecte<\/strong><\/p>\n\n\n\n<p>Justus Dahinden<br>CH-8053 Z\u00fcrich<\/p>\n\n\n\n<p class=\"mb-0 has-blue-color has-text-color\"><strong>P\u00e9riode<\/strong><\/p>\n\n\n\n<p>R\u00e9alisation 2007<\/p>\n\n\n\n<p class=\"mb-0 has-blue-color has-text-color\"><strong>Projet de construction<\/strong><\/p>\n\n\n\n<p>R\u00e9novation\/ Extension<\/p>\n\n\n\n<p class=\"mb-0 has-blue-color has-text-color\"><strong>Type de b\u00e2timent<\/strong><\/p>\n\n\n\n<p>Bien-\u00eatre<\/p>\n\n\n\n<p class=\"mb-0 has-blue-color has-text-color\"><strong>Nos prestations<\/strong><\/p>\n\n\n\n<ul class=\"is-style-list-carets-blue wp-block-list\"><li>Consultation sur le concept de zone de baignade<\/li><li>Planification technique pour&nbsp;les eaux de bassin<\/li><\/ul>\n\n\n\n<p class=\"mb-0 has-blue-color has-text-color\"><strong>Groupes d\u2019immobilisations<\/strong><\/p>\n\n\n\n<p class=\"icon\">Chauffage<\/p>\n\n\n\n<p>Ventilation<\/p>\n\n\n\n<p>Sanitaire<\/p>\n\n\n\n<p>Installations d\u2019eaux de bassin<\/p>\n<\/div>\n<\/div>\n<\/div><\/div>\n\n\n\n<p><\/p>\n","protected":false},"excerpt":{"rendered":"<p>Kannewischer | 2007 |  <a class=\"understrap-read-more-link\" href=\"https:\/\/www.kannewischer.ch\/fr\/2007\/07\/grand-hotel-kronenhof-pontresina\/\">Lire la suite<\/a><\/p>\n","protected":false},"author":1341,"featured_media":2422,"comment_status":"closed","ping_status":"closed","sticky":false,"template":"","format":"standard","meta":{"_acf_changed":false,"footnotes":""},"categories":[54,52],"tags":[],"class_list":["post-2308","post","type-post","status-publish","format-standard","has-post-thumbnail","hentry","category-piscines","category-toutes-les-references"],"acf":[],"_links":{"self":[{"href":"https:\/\/www.kannewischer.ch\/fr\/wp-json\/wp\/v2\/posts\/2308","targetHints":{"allow":["GET"]}}],"collection":[{"href":"https:\/\/www.kannewischer.ch\/fr\/wp-json\/wp\/v2\/posts"}],"about":[{"href":"https:\/\/www.kannewischer.ch\/fr\/wp-json\/wp\/v2\/types\/post"}],"author":[{"embeddable":true,"href":"https:\/\/www.kannewischer.ch\/fr\/wp-json\/wp\/v2\/users\/1341"}],"replies":[{"embeddable":true,"href":"https:\/\/www.kannewischer.ch\/fr\/wp-json\/wp\/v2\/comments?post=2308"}],"version-history":[{"count":2,"href":"https:\/\/www.kannewischer.ch\/fr\/wp-json\/wp\/v2\/posts\/2308\/revisions"}],"predecessor-version":[{"id":3640,"href":"https:\/\/www.kannewischer.ch\/fr\/wp-json\/wp\/v2\/posts\/2308\/revisions\/3640"}],"wp:featuredmedia":[{"embeddable":true,"href":"https:\/\/www.kannewischer.ch\/fr\/wp-json\/wp\/v2\/media\/2422"}],"wp:attachment":[{"href":"https:\/\/www.kannewischer.ch\/fr\/wp-json\/wp\/v2\/media?parent=2308"}],"wp:term":[{"taxonomy":"category","embeddable":true,"href":"https:\/\/www.kannewischer.ch\/fr\/wp-json\/wp\/v2\/categories?post=2308"},{"taxonomy":"post_tag","embeddable":true,"href":"https:\/\/www.kannewischer.ch\/fr\/wp-json\/wp\/v2\/tags?post=2308"}],"curies":[{"name":"wp","href":"https:\/\/api.w.org\/{rel}","templated":true}]}}