{"id":2311,"date":"2008-07-07T17:31:24","date_gmt":"2008-07-07T15:31:24","guid":{"rendered":"http:\/\/temp.kannewischer.ch\/2020\/07\/erlebnisbad-bernaqua-bern\/"},"modified":"2021-01-25T14:36:04","modified_gmt":"2021-01-25T13:36:04","slug":"erlebnisbad-bernaqua-bern","status":"publish","type":"post","link":"https:\/\/www.kannewischer.ch\/fr\/2008\/07\/erlebnisbad-bernaqua-bern\/","title":{"rendered":"Erlebnisbad Bernaqua, Bern"},"content":{"rendered":"\n<div class=\"wp-block-group\"><div class=\"wp-block-group__inner-container is-layout-flow wp-block-group-is-layout-flow\">\n<h1 class=\"project wp-block-heading\">Parc aquatique Bernaqua, Berne<\/h1>\n\n\n\n<div class=\"wp-block-columns project is-layout-flex wp-container-core-columns-is-layout-9d6595d7 wp-block-columns-is-layout-flex\">\n<div class=\"wp-block-column is-layout-flow wp-block-column-is-layout-flow\" style=\"flex-basis:66.66%\">\n<figure class=\"wp-block-image size-large\"><img loading=\"lazy\" decoding=\"async\" width=\"1110\" height=\"249\" src=\"https:\/\/www.kannewischer.ch\/wp-content\/uploads\/Bern-Br\u00fcnnen-Erlebnisbad-Bernaqua-1c-1110x249.jpg\" alt=\"\" class=\"wp-image-2429\" srcset=\"https:\/\/www.kannewischer.ch\/wp-content\/uploads\/Bern-Br\u00fcnnen-Erlebnisbad-Bernaqua-1c-1110x249.jpg 1110w, https:\/\/www.kannewischer.ch\/wp-content\/uploads\/Bern-Br\u00fcnnen-Erlebnisbad-Bernaqua-1c-800x180.jpg 800w, https:\/\/www.kannewischer.ch\/wp-content\/uploads\/Bern-Br\u00fcnnen-Erlebnisbad-Bernaqua-1c-768x172.jpg 768w, https:\/\/www.kannewischer.ch\/wp-content\/uploads\/Bern-Br\u00fcnnen-Erlebnisbad-Bernaqua-1c-1536x345.jpg 1536w, https:\/\/www.kannewischer.ch\/wp-content\/uploads\/Bern-Br\u00fcnnen-Erlebnisbad-Bernaqua-1c-2048x460.jpg 2048w, https:\/\/www.kannewischer.ch\/wp-content\/uploads\/Bern-Br\u00fcnnen-Erlebnisbad-Bernaqua-1c-300x67.jpg 300w, https:\/\/www.kannewischer.ch\/wp-content\/uploads\/Bern-Br\u00fcnnen-Erlebnisbad-Bernaqua-1c-1024x230.jpg 1024w\" sizes=\"auto, (max-width: 1110px) 100vw, 1110px\" \/><\/figure>\n\n\n\n<p>Le parc aquatique Bernaqua ravira les amateurs de sports et de loisirs ainsi que les passionn\u00e9s d\u2019architecture.<\/p>\n\n\n\n<p>Le sous-projet Bernaqua offre sur 5 \u00e9tages un cadre privil\u00e9gi\u00e9 pour se sentir bien. Les diff\u00e9rents espaces &#8211; bain irlandais, espace spa, gymnastique, remise en forme, vestiaires, divers saunas et b\u00e2timent administratif &#8211; sont situ\u00e9s aux \u00e9tages sup\u00e9rieurs. Les locaux techniques pour les installations de chauffage, de ventilation, sanitaires et de traitement des eaux de bassin sont situ\u00e9s aux \u00e9tages inf\u00e9rieurs.<\/p>\n\n\n\n<p>Le grand nombre de visiteurs qui viennent chaque jour au parc aquatique, avec leurs exigences d\u2019attractivit\u00e9, de confort et d\u2019hygi\u00e8ne, n\u00e9cessite des installations techniques importantes et complexes. Afin d\u2019assurer le fonctionnement le plus \u00e9conomique possible des \u00e9quipements, une grande importance a \u00e9t\u00e9 accord\u00e9e aux technologies efficaces sur le plan de l\u2019\u00e9nergie et \u00e9conomes en eau. De nombreux \u00e9quipements de r\u00e9cup\u00e9ration de chaleur ont \u00e9t\u00e9 int\u00e9gr\u00e9s dans tous les corps de m\u00e9tiers. Afin de maintenir une faible consommation d\u2019eau, l\u2019eau us\u00e9e des installations de traitement des eaux de bassin est utilis\u00e9e par exemple pour la chasse d\u2019eau des toilettes et le nettoyage du pourtour des bassins.<\/p>\n\n\n\n<p><\/p>\n<\/div>\n\n\n\n<div class=\"wp-block-column is-layout-flow wp-block-column-is-layout-flow\" style=\"flex-basis:33.33%\">\n<p class=\"mb-0 has-blue-color has-text-color\"><strong>Ma\u00eetre d\u2019ouvrage<\/strong><\/p>\n\n\n\n<p>Neue Br\u00fcnnen AG<br>CH-3027 Bern Br\u00fcnnen<\/p>\n\n\n\n<p class=\"mb-0 has-blue-color has-text-color\"><strong>Architecte<\/strong><\/p>\n\n\n\n<p>Daniel Libeskind + Burckhardt &amp; Partner AG<\/p>\n\n\n\n<p class=\"mb-0 has-blue-color has-text-color\"><strong>P\u00e9riode<\/strong><\/p>\n\n\n\n<p>Realisation 2008<\/p>\n\n\n\n<p class=\"mb-0 has-blue-color has-text-color\"><strong>Projet de construction<\/strong><\/p>\n\n\n\n<p>Nouveau b\u00e2timent<\/p>\n\n\n\n<p class=\"mb-0 has-blue-color has-text-color\"><strong>Type de b\u00e2timent<\/strong><\/p>\n\n\n\n<p>Piscine<\/p>\n\n\n\n<p class=\"mb-0 has-blue-color has-text-color\"><strong>Nos prestations<\/strong><\/p>\n\n\n\n<ul class=\"is-style-list-carets-blue wp-block-list\"><li>\u00c9valuation de base, y compris le programme des espaces pour un concours d&rsquo;architecture limit\u00e9<\/li><li>Planification technique pour le chauffage, la ventilation, les installations sanitaires et les eaux de bassin<\/li><li>Appel d&rsquo;offres global pour le chauffage, la ventilation, l&rsquo;assainissement, le traitement des eaux de baignade<\/li><li>Planification de la mise en \u0153uvre en 3-D pour la coordination<\/li><\/ul>\n\n\n\n<p class=\"mb-0 has-blue-color has-text-color\"><strong>Groupes d\u2019immobilisations<\/strong><\/p>\n\n\n\n<p class=\"icon\">Chauffage<\/p>\n\n\n\n<p class=\"icon\">Ventilation<\/p>\n\n\n\n<p class=\"icon\">Sanitaire<\/p>\n\n\n\n<p class=\"icon\">Installations d\u2019eaux de bassin<\/p>\n\n\n\n<p>Bassins en acier inoxydable<\/p>\n<\/div>\n<\/div>\n<\/div><\/div>\n\n\n\n<p><\/p>\n","protected":false},"excerpt":{"rendered":"<p>Kannewischer | 2008 | <a class=\"understrap-read-more-link\" href=\"https:\/\/www.kannewischer.ch\/fr\/2008\/07\/erlebnisbad-bernaqua-bern\/\">Lire la suite<\/a><\/p>\n","protected":false},"author":1341,"featured_media":2429,"comment_status":"closed","ping_status":"closed","sticky":false,"template":"","format":"standard","meta":{"_acf_changed":false,"footnotes":""},"categories":[54,52],"tags":[],"class_list":["post-2311","post","type-post","status-publish","format-standard","has-post-thumbnail","hentry","category-piscines","category-toutes-les-references"],"acf":[],"_links":{"self":[{"href":"https:\/\/www.kannewischer.ch\/fr\/wp-json\/wp\/v2\/posts\/2311","targetHints":{"allow":["GET"]}}],"collection":[{"href":"https:\/\/www.kannewischer.ch\/fr\/wp-json\/wp\/v2\/posts"}],"about":[{"href":"https:\/\/www.kannewischer.ch\/fr\/wp-json\/wp\/v2\/types\/post"}],"author":[{"embeddable":true,"href":"https:\/\/www.kannewischer.ch\/fr\/wp-json\/wp\/v2\/users\/1341"}],"replies":[{"embeddable":true,"href":"https:\/\/www.kannewischer.ch\/fr\/wp-json\/wp\/v2\/comments?post=2311"}],"version-history":[{"count":2,"href":"https:\/\/www.kannewischer.ch\/fr\/wp-json\/wp\/v2\/posts\/2311\/revisions"}],"predecessor-version":[{"id":3639,"href":"https:\/\/www.kannewischer.ch\/fr\/wp-json\/wp\/v2\/posts\/2311\/revisions\/3639"}],"wp:featuredmedia":[{"embeddable":true,"href":"https:\/\/www.kannewischer.ch\/fr\/wp-json\/wp\/v2\/media\/2429"}],"wp:attachment":[{"href":"https:\/\/www.kannewischer.ch\/fr\/wp-json\/wp\/v2\/media?parent=2311"}],"wp:term":[{"taxonomy":"category","embeddable":true,"href":"https:\/\/www.kannewischer.ch\/fr\/wp-json\/wp\/v2\/categories?post=2311"},{"taxonomy":"post_tag","embeddable":true,"href":"https:\/\/www.kannewischer.ch\/fr\/wp-json\/wp\/v2\/tags?post=2311"}],"curies":[{"name":"wp","href":"https:\/\/api.w.org\/{rel}","templated":true}]}}