{"id":2455,"date":"2010-07-02T17:45:40","date_gmt":"2010-07-02T15:45:40","guid":{"rendered":"http:\/\/temp.kannewischer.ch\/2020\/07\/aquabasilea-pratteln\/"},"modified":"2021-01-25T14:30:08","modified_gmt":"2021-01-25T13:30:08","slug":"aquabasilea-pratteln","status":"publish","type":"post","link":"https:\/\/www.kannewischer.ch\/fr\/2010\/07\/aquabasilea-pratteln\/","title":{"rendered":"Aquabasilea, Pratteln"},"content":{"rendered":"\n<div class=\"wp-block-group\"><div class=\"wp-block-group__inner-container is-layout-flow wp-block-group-is-layout-flow\">\n<h1 class=\"project wp-block-heading\">Aquabasilea, Pratteln<\/h1>\n\n\n\n<div class=\"wp-block-columns project is-layout-flex wp-container-core-columns-is-layout-9d6595d7 wp-block-columns-is-layout-flex\">\n<div class=\"wp-block-column is-layout-flow wp-block-column-is-layout-flow\" style=\"flex-basis:66.66%\">\n<figure class=\"wp-block-image size-large\"><img loading=\"lazy\" decoding=\"async\" width=\"1110\" height=\"833\" src=\"https:\/\/www.kannewischer.ch\/wp-content\/uploads\/Prattel-Wasserwelt-Aquabasilea-2-1110x833.jpg\" alt=\"\" class=\"wp-image-2453\" srcset=\"https:\/\/www.kannewischer.ch\/wp-content\/uploads\/Prattel-Wasserwelt-Aquabasilea-2-1110x833.jpg 1110w, https:\/\/www.kannewischer.ch\/wp-content\/uploads\/Prattel-Wasserwelt-Aquabasilea-2-800x600.jpg 800w, https:\/\/www.kannewischer.ch\/wp-content\/uploads\/Prattel-Wasserwelt-Aquabasilea-2-768x576.jpg 768w, https:\/\/www.kannewischer.ch\/wp-content\/uploads\/Prattel-Wasserwelt-Aquabasilea-2-1536x1153.jpg 1536w, https:\/\/www.kannewischer.ch\/wp-content\/uploads\/Prattel-Wasserwelt-Aquabasilea-2-2048x1537.jpg 2048w, https:\/\/www.kannewischer.ch\/wp-content\/uploads\/Prattel-Wasserwelt-Aquabasilea-2-300x225.jpg 300w, https:\/\/www.kannewischer.ch\/wp-content\/uploads\/Prattel-Wasserwelt-Aquabasilea-2-1024x769.jpg 1024w\" sizes=\"auto, (max-width: 1110px) 100vw, 1110px\" \/><\/figure>\n\n\n\n<p>Plonger. D\u00e9couvrir. Se d\u00e9tendre. Telle est la devise du parc \u00abaquabasilea\u00bb \u00e0 Pratteln pr\u00e8s de B\u00e2le. Avec un parc aquatique unique, l\u2019un des plus grands de Suisse (plus de 13&nbsp;000&nbsp;m\u00b2), les espaces aquatiques vari\u00e9s et attrayants satisferont petits et grands.<\/p>\n\n\n\n<p>Un complexe avec un parc aquatique et d&rsquo;aventures, un h\u00f4tel quatre \u00e9toiles et une tour de bureaux a \u00e9t\u00e9 construit sur l&rsquo;ancien site de Henkel \u00e0 Pratteln. En 2007, un concours a \u00e9t\u00e9 organis\u00e9 pour concevoir l&rsquo;un des plus grands parcs aquatiques de Suisse. L&rsquo;\u00e9quipe compos\u00e9e de l&rsquo;entreprise GMF Neuried, exploitant de piscine, et du bureau d&rsquo;architecture T\u00e4nnler Design, a ensuite \u00e9t\u00e9 charg\u00e9e de la r\u00e9alisation.<\/p>\n\n\n\n<p>Des installations techniques \u00e9tendues et complexes r\u00e9pondent aux exigences \u00e9lev\u00e9es des baigneurs-euses en termes d\u2019attrait, de bien-\u00eatre et d\u2019hygi\u00e8ne.<br>Les technologies efficaces sur le plan de l\u2019\u00e9nergie et \u00e9conomes en eau garantissent un fonctionnement \u00e9conomique. Avant la r\u00e9alisation des installations techniques, un concept \u00e9nerg\u00e9tique global a \u00e9t\u00e9 \u00e9labor\u00e9 afin de pouvoir appr\u00e9hender l\u2019ensemble du potentiel d\u2019\u00e9conomie d\u2019\u00e9nergie et de pr\u00e9servation des ressources. La technologie install\u00e9e assure \u00e0 la fois un haut niveau de confort et une consommation d\u2019\u00e9nergie des plus \u00e9conomiques.<\/p>\n\n\n\n<p><\/p>\n<\/div>\n\n\n\n<div class=\"wp-block-column is-layout-flow wp-block-column-is-layout-flow\" style=\"flex-basis:33.33%\">\n<p class=\"mb-0 has-blue-color has-text-color\"><strong>Ma\u00eetre d\u2019ouvrage<\/strong><\/p>\n\n\n\n<p>Credit Suisse<br>CH-8070 Z\u00fcrich<\/p>\n\n\n\n<p class=\"mb-0 has-blue-color has-text-color\"><strong>Architecte<\/strong><\/p>\n\n\n\n<p>Justus Dahinden<br>CH-8035 Z\u00fcrich<\/p>\n\n\n\n<p class=\"mb-0 has-blue-color has-text-color\"><strong>P\u00e9riode<\/strong><\/p>\n\n\n\n<p>R\u00e9alisation 2007-2010<\/p>\n\n\n\n<p class=\"mb-0 has-blue-color has-text-color\"><strong>Projet de construction<\/strong><\/p>\n\n\n\n<p>Nouveau b\u00e2timent<\/p>\n\n\n\n<p class=\"mb-0 has-blue-color has-text-color\"><strong>Type de b\u00e2timent<\/strong><\/p>\n\n\n\n<p>Piscine<\/p>\n\n\n\n<p class=\"mb-0 has-blue-color has-text-color\"><strong>Nos prestations<\/strong><\/p>\n\n\n\n<ul class=\"is-style-list-carets-blue wp-block-list\"><li>Planification technique pour le chauffage, la ventilation, les installations sanitaires, les eaux de bassin et les installations MCRG<\/li><li>Conduite sp\u00e9cialis\u00e9e des travaux pour le chauffage, la ventilation, les installations sanitaires, les eaux de bassin et les installations MCRG<\/li><li>Coordination des installations techniques<\/li><\/ul>\n\n\n\n<p class=\"mb-0 has-blue-color has-text-color\"><strong>Groupes d\u2019immobilisations<\/strong><\/p>\n\n\n\n<p class=\"icon\">Chauffage<\/p>\n\n\n\n<p class=\"icon\">Ventilation<\/p>\n\n\n\n<p class=\"icon\">Sanitaire<\/p>\n\n\n\n<p class=\"icon\">Installations d\u2019eaux de bassin<\/p>\n\n\n\n<p class=\"icon\">MCRG<\/p>\n\n\n\n<p>Bassins en acier inoxydable<\/p>\n<\/div>\n<\/div>\n<\/div><\/div>\n\n\n\n<p><\/p>\n","protected":false},"excerpt":{"rendered":"<p>Kannewischer | 2007-2010 |  <a class=\"understrap-read-more-link\" href=\"https:\/\/www.kannewischer.ch\/fr\/2010\/07\/aquabasilea-pratteln\/\">Lire la suite<\/a><\/p>\n","protected":false},"author":1341,"featured_media":2453,"comment_status":"closed","ping_status":"closed","sticky":false,"template":"","format":"standard","meta":{"_acf_changed":false,"footnotes":""},"categories":[54,52],"tags":[],"class_list":["post-2455","post","type-post","status-publish","format-standard","has-post-thumbnail","hentry","category-piscines","category-toutes-les-references"],"acf":[],"_links":{"self":[{"href":"https:\/\/www.kannewischer.ch\/fr\/wp-json\/wp\/v2\/posts\/2455","targetHints":{"allow":["GET"]}}],"collection":[{"href":"https:\/\/www.kannewischer.ch\/fr\/wp-json\/wp\/v2\/posts"}],"about":[{"href":"https:\/\/www.kannewischer.ch\/fr\/wp-json\/wp\/v2\/types\/post"}],"author":[{"embeddable":true,"href":"https:\/\/www.kannewischer.ch\/fr\/wp-json\/wp\/v2\/users\/1341"}],"replies":[{"embeddable":true,"href":"https:\/\/www.kannewischer.ch\/fr\/wp-json\/wp\/v2\/comments?post=2455"}],"version-history":[{"count":2,"href":"https:\/\/www.kannewischer.ch\/fr\/wp-json\/wp\/v2\/posts\/2455\/revisions"}],"predecessor-version":[{"id":3634,"href":"https:\/\/www.kannewischer.ch\/fr\/wp-json\/wp\/v2\/posts\/2455\/revisions\/3634"}],"wp:featuredmedia":[{"embeddable":true,"href":"https:\/\/www.kannewischer.ch\/fr\/wp-json\/wp\/v2\/media\/2453"}],"wp:attachment":[{"href":"https:\/\/www.kannewischer.ch\/fr\/wp-json\/wp\/v2\/media?parent=2455"}],"wp:term":[{"taxonomy":"category","embeddable":true,"href":"https:\/\/www.kannewischer.ch\/fr\/wp-json\/wp\/v2\/categories?post=2455"},{"taxonomy":"post_tag","embeddable":true,"href":"https:\/\/www.kannewischer.ch\/fr\/wp-json\/wp\/v2\/tags?post=2455"}],"curies":[{"name":"wp","href":"https:\/\/api.w.org\/{rel}","templated":true}]}}