{"id":2480,"date":"2011-07-02T14:38:37","date_gmt":"2011-07-02T12:38:37","guid":{"rendered":"http:\/\/temp.kannewischer.ch\/2020\/07\/thermi-spa-bad-schinznach\/"},"modified":"2021-01-25T14:21:06","modified_gmt":"2021-01-25T13:21:06","slug":"thermi-spa-bad-schinznach","status":"publish","type":"post","link":"https:\/\/www.kannewischer.ch\/fr\/2011\/07\/thermi-spa-bad-schinznach\/","title":{"rendered":"Thermi Spa, Bad Schinznach"},"content":{"rendered":"\n<div class=\"wp-block-group\"><div class=\"wp-block-group__inner-container is-layout-flow wp-block-group-is-layout-flow\">\n<h1 class=\"project wp-block-heading\">Thermi Spa, Bad Schinznach<\/h1>\n\n\n\n<div class=\"wp-block-columns project is-layout-flex wp-container-core-columns-is-layout-9d6595d7 wp-block-columns-is-layout-flex\">\n<div class=\"wp-block-column is-layout-flow wp-block-column-is-layout-flow\" style=\"flex-basis:66.66%\">\n<figure class=\"wp-block-image size-large\"><img loading=\"lazy\" decoding=\"async\" width=\"1110\" height=\"740\" src=\"https:\/\/www.kannewischer.ch\/wp-content\/uploads\/Schinznach-1110x740.jpg\" alt=\"\" class=\"wp-image-2477\" srcset=\"https:\/\/www.kannewischer.ch\/wp-content\/uploads\/Schinznach-1110x740.jpg 1110w, https:\/\/www.kannewischer.ch\/wp-content\/uploads\/Schinznach-800x533.jpg 800w, https:\/\/www.kannewischer.ch\/wp-content\/uploads\/Schinznach-768x512.jpg 768w, https:\/\/www.kannewischer.ch\/wp-content\/uploads\/Schinznach-1536x1024.jpg 1536w, https:\/\/www.kannewischer.ch\/wp-content\/uploads\/Schinznach-2048x1365.jpg 2048w, https:\/\/www.kannewischer.ch\/wp-content\/uploads\/Schinznach-300x200.jpg 300w, https:\/\/www.kannewischer.ch\/wp-content\/uploads\/Schinznach-1024x682.jpg 1024w\" sizes=\"auto, (max-width: 1110px) 100vw, 1110px\" \/><figcaption>Bad Schinznach AG, 2011 | Tag der offenen T\u00fcre 10.2011 | Reportage<\/figcaption><\/figure>\n\n\n\n<p>Fin octobre 2011, la soci\u00e9t\u00e9 Schinznach les Bains SA a ouvert au public son nouvel \u00e9tablissement de bien-\u00eatre \u00abThermi Spa\u00bb. En plus de l\u2019espace \u00abAquarena fun\u00bb, am\u00e9lior\u00e9 \u00e9galement au cours de cette restructuration, le \u00abThermi Spa\u00bb comprend maintenant une offre compl\u00e8te de beaut\u00e9 et de bien-\u00eatre.<\/p>\n\n\n\n<p>Avec les nouvelles offres de bien-\u00eatre, le Hofratsgeb\u00e4ude, site class\u00e9, forme le \u00abThermi Spa\u00bb. Les caves historiques vo\u00fbt\u00e9es en pierre naturelle ont \u00e9t\u00e9 agrandies et abritent maintenant un hammam avec un bain de vapeur cocon, un bassin Kneipp et un atrium romantique. Les combles sont \u00e9galement spectaculaires, elles offrent une salle de relaxation avec une galerie d\u2019art, un sauna finlandais et une sauna bio. Un espace ext\u00e9rieur s\u00e9duisant a \u00e9t\u00e9 am\u00e9nag\u00e9 le long du Hofratsgeb\u00e4ude. Le bain \u00e0 remous, de conception monolithique en granit Onsernone, s\u00e9pare et relie simultan\u00e9ment les bassins froid et chaud, dispos\u00e9s \u00e0 angle droit et bord\u00e9s de granit. Le solarium se trouve le long de ces bassins, un vaste espace ext\u00e9rieur est adjacent.<\/p>\n\n\n\n<p>L\u2019espace existant \u00abAquarena fun\u00bb a \u00e9t\u00e9 compl\u00e9t\u00e9 par un toboggan \u00e0 effet grotte, une chute d\u2019eau et un bassin de 25&nbsp;m (bassin froid). Ce nouveau bassin offre la possibilit\u00e9 de nager dans l\u2019eau thermale en hiver.<\/p>\n\n\n\n<p>La soci\u00e9t\u00e9 Kannewischer Ingenieurb\u00fcro AG \u00e9tait responsable de la planification technique et de la conduite sp\u00e9cialis\u00e9e des travaux pour le chauffage, la ventilation, les installations sanitaires, le traitement des eaux de bassin et des eaux thermales et les \u00e9quipements sp\u00e9ciaux des bassins.<\/p>\n\n\n\n<p><\/p>\n<\/div>\n\n\n\n<div class=\"wp-block-column is-layout-flow wp-block-column-is-layout-flow\" style=\"flex-basis:33.33%\">\n<p class=\"mb-0 has-blue-color has-text-color\"><strong>Ma\u00eetre d\u2019ouvrage<\/strong><\/p>\n\n\n\n<p>Bad Schinznach AG<br>CH-5116 Bad Schinznach<\/p>\n\n\n\n<p class=\"mb-0 has-blue-color has-text-color\"><strong>Architecte<\/strong><\/p>\n\n\n\n<p>H.P. Fontana &amp; Partner<br>CH-7017 Flims<\/p>\n\n\n\n<p class=\"mb-0 has-blue-color has-text-color\"><strong>Planificateur g\u00e9n\u00e9ral<\/strong><\/p>\n\n\n\n<p>U.D.O. Architekten und Planer AG<br>CH-5200 Brugg<\/p>\n\n\n\n<p class=\"mb-0 has-blue-color has-text-color\"><strong>P\u00e9riode<\/strong><\/p>\n\n\n\n<p>R\u00e9alisation 2009-2011<\/p>\n\n\n\n<p class=\"mb-0 has-blue-color has-text-color\"><strong>Projet de construction<\/strong><\/p>\n\n\n\n<p>R\u00e9novation<\/p>\n\n\n\n<p class=\"mb-0 has-blue-color has-text-color\"><strong>Type de b\u00e2timent<\/strong><\/p>\n\n\n\n<p>Bain thermal<\/p>\n\n\n\n<p class=\"mb-0 has-blue-color has-text-color\"><strong>Nos prestations<\/strong><\/p>\n\n\n\n<ul class=\"is-style-list-carets-blue wp-block-list\"><li>Planification technique pour le chauffage, la ventilation, les installations sanitaires, les eaux de bassin et les bassins en acier inoxydable<\/li><li>Conduite sp\u00e9cialis\u00e9e des travaux pour le chauffage, la ventilation, les installations sanitaires, les eaux de bassin et les bassins en acier inoxydable<\/li><\/ul>\n\n\n\n<p class=\"mb-0 has-blue-color has-text-color\"><strong>Groupes d\u2019immobilisations<\/strong><\/p>\n\n\n\n<p class=\"icon\">Chauffage<\/p>\n\n\n\n<p class=\"icon\">Ventilation<\/p>\n\n\n\n<p class=\"icon\">Sanitaire<\/p>\n\n\n\n<p class=\"icon\">Installations d\u2019eaux de bassin<\/p>\n\n\n\n<p class=\"icon\">Bassins en acier inoxydable<\/p>\n<\/div>\n<\/div>\n<\/div><\/div>\n\n\n\n<p><\/p>\n","protected":false},"excerpt":{"rendered":"<p>Kannewischer | 2009-2011 |  <a class=\"understrap-read-more-link\" href=\"https:\/\/www.kannewischer.ch\/fr\/2011\/07\/thermi-spa-bad-schinznach\/\">Lire la suite<\/a><\/p>\n","protected":false},"author":1341,"featured_media":2477,"comment_status":"closed","ping_status":"closed","sticky":false,"template":"","format":"standard","meta":{"_acf_changed":false,"footnotes":""},"categories":[54,52],"tags":[],"class_list":["post-2480","post","type-post","status-publish","format-standard","has-post-thumbnail","hentry","category-piscines","category-toutes-les-references"],"acf":[],"_links":{"self":[{"href":"https:\/\/www.kannewischer.ch\/fr\/wp-json\/wp\/v2\/posts\/2480","targetHints":{"allow":["GET"]}}],"collection":[{"href":"https:\/\/www.kannewischer.ch\/fr\/wp-json\/wp\/v2\/posts"}],"about":[{"href":"https:\/\/www.kannewischer.ch\/fr\/wp-json\/wp\/v2\/types\/post"}],"author":[{"embeddable":true,"href":"https:\/\/www.kannewischer.ch\/fr\/wp-json\/wp\/v2\/users\/1341"}],"replies":[{"embeddable":true,"href":"https:\/\/www.kannewischer.ch\/fr\/wp-json\/wp\/v2\/comments?post=2480"}],"version-history":[{"count":2,"href":"https:\/\/www.kannewischer.ch\/fr\/wp-json\/wp\/v2\/posts\/2480\/revisions"}],"predecessor-version":[{"id":3630,"href":"https:\/\/www.kannewischer.ch\/fr\/wp-json\/wp\/v2\/posts\/2480\/revisions\/3630"}],"wp:featuredmedia":[{"embeddable":true,"href":"https:\/\/www.kannewischer.ch\/fr\/wp-json\/wp\/v2\/media\/2477"}],"wp:attachment":[{"href":"https:\/\/www.kannewischer.ch\/fr\/wp-json\/wp\/v2\/media?parent=2480"}],"wp:term":[{"taxonomy":"category","embeddable":true,"href":"https:\/\/www.kannewischer.ch\/fr\/wp-json\/wp\/v2\/categories?post=2480"},{"taxonomy":"post_tag","embeddable":true,"href":"https:\/\/www.kannewischer.ch\/fr\/wp-json\/wp\/v2\/tags?post=2480"}],"curies":[{"name":"wp","href":"https:\/\/api.w.org\/{rel}","templated":true}]}}