{"id":2498,"date":"2012-07-02T13:58:25","date_gmt":"2012-07-02T11:58:25","guid":{"rendered":"http:\/\/temp.kannewischer.ch\/2020\/07\/fitness-park-allmend-luzern\/"},"modified":"2021-01-25T14:19:37","modified_gmt":"2021-01-25T13:19:37","slug":"fitness-park-allmend-luzern","status":"publish","type":"post","link":"https:\/\/www.kannewischer.ch\/fr\/2012\/07\/fitness-park-allmend-luzern\/","title":{"rendered":"Fitness Park Allmend, Luzern"},"content":{"rendered":"\n<div class=\"wp-block-group\"><div class=\"wp-block-group__inner-container is-layout-flow wp-block-group-is-layout-flow\">\n<h1 class=\"project wp-block-heading\">Fitness Park Allmend, Lucerne<\/h1>\n\n\n\n<div class=\"wp-block-columns project is-layout-flex wp-container-core-columns-is-layout-9d6595d7 wp-block-columns-is-layout-flex\">\n<div class=\"wp-block-column is-layout-flow wp-block-column-is-layout-flow\" style=\"flex-basis:66.66%\">\n<figure class=\"wp-block-image size-large\"><img loading=\"lazy\" decoding=\"async\" width=\"1110\" height=\"740\" src=\"https:\/\/www.kannewischer.ch\/wp-content\/uploads\/Luzern-Fitnesspark-Allmend-5-1110x740.jpg\" alt=\"\" class=\"wp-image-2495\" srcset=\"https:\/\/www.kannewischer.ch\/wp-content\/uploads\/Luzern-Fitnesspark-Allmend-5-1110x740.jpg 1110w, https:\/\/www.kannewischer.ch\/wp-content\/uploads\/Luzern-Fitnesspark-Allmend-5-800x533.jpg 800w, https:\/\/www.kannewischer.ch\/wp-content\/uploads\/Luzern-Fitnesspark-Allmend-5-768x512.jpg 768w, https:\/\/www.kannewischer.ch\/wp-content\/uploads\/Luzern-Fitnesspark-Allmend-5-1536x1024.jpg 1536w, https:\/\/www.kannewischer.ch\/wp-content\/uploads\/Luzern-Fitnesspark-Allmend-5-2048x1365.jpg 2048w, https:\/\/www.kannewischer.ch\/wp-content\/uploads\/Luzern-Fitnesspark-Allmend-5-300x200.jpg 300w, https:\/\/www.kannewischer.ch\/wp-content\/uploads\/Luzern-Fitnesspark-Allmend-5-1024x683.jpg 1024w\" sizes=\"auto, (max-width: 1110px) 100vw, 1110px\" \/><\/figure>\n\n\n\n<p>Apr\u00e8s huit mois seulement de construction, le Fitness Park Allmend a \u00e9t\u00e9 ouvert \u00e0 Lucerne d\u00e9but ao\u00fbt 2012. La coop\u00e9rative Migros dispose ainsi d\u2019un autre \u00e9quipement qui allie sant\u00e9, plaisir et bien-\u00eatre de mani\u00e8re id\u00e9ale.<\/p>\n\n\n\n<p>L\u2019offre compl\u00e8te de bien-\u00eatre et de remise en forme est situ\u00e9e au 5<sup>e<\/sup> \u00e9tage du b\u00e2timent sportif Allmend. Elle comprend une grande salle de fitness, deux saunas, un mixte et un destin\u00e9 uniquement aux femmes, un jardin Kneipp dans la cour int\u00e9rieure, un grand espace salin, un centre m\u00e9dical et, bien s\u00fbr, des vestiaires, des douches et d\u2019autres espaces pour la r\u00e9ception, l\u2019administration et les consultations. Toute la technologie associ\u00e9e se trouve un \u00e9tage plus bas.<\/p>\n\n\n\n<p>Le b\u00e2timent d\u00e9j\u00e0 construit pr\u00e9sente un concept statique sp\u00e9cifique, qui a d\u00fb \u00eatre pris en compte lors de l\u2019installation ult\u00e9rieure du centre de fitness. La projection et l\u2019int\u00e9gration des \u00e9quipements techniques n\u00e9cessaires dans les conditions donn\u00e9es ont constitu\u00e9 un d\u00e9fi particulier pour l\u2019ensemble des participants.<\/p>\n\n\n\n<p><\/p>\n<\/div>\n\n\n\n<div class=\"wp-block-column is-layout-flow wp-block-column-is-layout-flow\" style=\"flex-basis:33.33%\">\n<p class=\"mb-0 has-blue-color has-text-color\"><strong>Ma\u00eetre d\u2019ouvrage<\/strong><\/p>\n\n\n\n<p>Genossenschaft Migros Luzern<br>CH-6031 Ebikon<\/p>\n\n\n\n<p class=\"mb-0 has-blue-color has-text-color\"><strong>Architecte<\/strong><\/p>\n\n\n\n<p>Sulzer + Buzzi AG<br>CH-6312 Steinhausen-Zug<\/p>\n\n\n\n<p class=\"mb-0 has-blue-color has-text-color\"><strong>P\u00e9riode<\/strong><\/p>\n\n\n\n<p>Realisation 2010-2012<\/p>\n\n\n\n<p class=\"mb-0 has-blue-color has-text-color\"><strong>Projet de construction<\/strong><\/p>\n\n\n\n<p>R\u00e9novation<\/p>\n\n\n\n<p class=\"mb-0 has-blue-color has-text-color\"><strong>Type de<\/strong> <strong>b\u00e2timent<\/strong><\/p>\n\n\n\n<p>Piscine, centre de fitness<\/p>\n\n\n\n<p class=\"mb-0 has-blue-color has-text-color\"><strong>Nos prestations<\/strong><\/p>\n\n\n\n<ul class=\"is-style-list-carets-blue wp-block-list\"><li>Planification technique pour le chauffage, la ventilation, les installations sanitaires, les eaux de bassin<\/li><\/ul>\n\n\n\n<p class=\"mb-0 has-blue-color has-text-color\"><strong>Groupes d\u2019immobilisations<\/strong><\/p>\n\n\n\n<p class=\"icon\">Chauffage<\/p>\n\n\n\n<p class=\"icon\">Ventilation<\/p>\n\n\n\n<p class=\"icon\">Sanitaire<\/p>\n\n\n\n<p class=\"icon\">Installations d\u2019eaux de bassin<\/p>\n\n\n\n<p class=\"icon\"><\/p>\n<\/div>\n<\/div>\n<\/div><\/div>\n\n\n\n<p><\/p>\n","protected":false},"excerpt":{"rendered":"<p>Kannewischer | 2010-2012 |  <a class=\"understrap-read-more-link\" href=\"https:\/\/www.kannewischer.ch\/fr\/2012\/07\/fitness-park-allmend-luzern\/\">Lire la suite<\/a><\/p>\n","protected":false},"author":1341,"featured_media":2495,"comment_status":"closed","ping_status":"closed","sticky":false,"template":"","format":"standard","meta":{"_acf_changed":false,"footnotes":""},"categories":[54,52],"tags":[],"class_list":["post-2498","post","type-post","status-publish","format-standard","has-post-thumbnail","hentry","category-piscines","category-toutes-les-references"],"acf":[],"_links":{"self":[{"href":"https:\/\/www.kannewischer.ch\/fr\/wp-json\/wp\/v2\/posts\/2498","targetHints":{"allow":["GET"]}}],"collection":[{"href":"https:\/\/www.kannewischer.ch\/fr\/wp-json\/wp\/v2\/posts"}],"about":[{"href":"https:\/\/www.kannewischer.ch\/fr\/wp-json\/wp\/v2\/types\/post"}],"author":[{"embeddable":true,"href":"https:\/\/www.kannewischer.ch\/fr\/wp-json\/wp\/v2\/users\/1341"}],"replies":[{"embeddable":true,"href":"https:\/\/www.kannewischer.ch\/fr\/wp-json\/wp\/v2\/comments?post=2498"}],"version-history":[{"count":2,"href":"https:\/\/www.kannewischer.ch\/fr\/wp-json\/wp\/v2\/posts\/2498\/revisions"}],"predecessor-version":[{"id":3628,"href":"https:\/\/www.kannewischer.ch\/fr\/wp-json\/wp\/v2\/posts\/2498\/revisions\/3628"}],"wp:featuredmedia":[{"embeddable":true,"href":"https:\/\/www.kannewischer.ch\/fr\/wp-json\/wp\/v2\/media\/2495"}],"wp:attachment":[{"href":"https:\/\/www.kannewischer.ch\/fr\/wp-json\/wp\/v2\/media?parent=2498"}],"wp:term":[{"taxonomy":"category","embeddable":true,"href":"https:\/\/www.kannewischer.ch\/fr\/wp-json\/wp\/v2\/categories?post=2498"},{"taxonomy":"post_tag","embeddable":true,"href":"https:\/\/www.kannewischer.ch\/fr\/wp-json\/wp\/v2\/tags?post=2498"}],"curies":[{"name":"wp","href":"https:\/\/api.w.org\/{rel}","templated":true}]}}