{"id":2519,"date":"2015-06-30T12:32:43","date_gmt":"2015-06-30T10:32:43","guid":{"rendered":"http:\/\/temp.kannewischer.ch\/2020\/06\/centre-thermal-yverdon-les-bains\/"},"modified":"2021-01-25T14:10:49","modified_gmt":"2021-01-25T13:10:49","slug":"centre-thermal-yverdon-les-bains","status":"publish","type":"post","link":"https:\/\/www.kannewischer.ch\/fr\/2015\/06\/centre-thermal-yverdon-les-bains\/","title":{"rendered":"Centre Thermal, Yverdon-les-Bains"},"content":{"rendered":"\n<div class=\"wp-block-group\"><div class=\"wp-block-group__inner-container is-layout-flow wp-block-group-is-layout-flow\">\n<h1 class=\"project wp-block-heading\">Centre Thermal, Yverdon-les-Bains<\/h1>\n\n\n\n<div class=\"wp-block-columns project is-layout-flex wp-container-core-columns-is-layout-9d6595d7 wp-block-columns-is-layout-flex\">\n<div class=\"wp-block-column is-layout-flow wp-block-column-is-layout-flow\" style=\"flex-basis:66.66%\">\n<figure class=\"wp-block-image size-large\"><img loading=\"lazy\" decoding=\"async\" width=\"1110\" height=\"833\" src=\"https:\/\/www.kannewischer.ch\/wp-content\/uploads\/yverdon-les-bains-centre-thermal-1110x833.jpg\" alt=\"\" class=\"wp-image-2516\" srcset=\"https:\/\/www.kannewischer.ch\/wp-content\/uploads\/yverdon-les-bains-centre-thermal-1110x833.jpg 1110w, https:\/\/www.kannewischer.ch\/wp-content\/uploads\/yverdon-les-bains-centre-thermal-800x600.jpg 800w, https:\/\/www.kannewischer.ch\/wp-content\/uploads\/yverdon-les-bains-centre-thermal-768x576.jpg 768w, https:\/\/www.kannewischer.ch\/wp-content\/uploads\/yverdon-les-bains-centre-thermal-1536x1152.jpg 1536w, https:\/\/www.kannewischer.ch\/wp-content\/uploads\/yverdon-les-bains-centre-thermal-2048x1536.jpg 2048w, https:\/\/www.kannewischer.ch\/wp-content\/uploads\/yverdon-les-bains-centre-thermal-300x225.jpg 300w, https:\/\/www.kannewischer.ch\/wp-content\/uploads\/yverdon-les-bains-centre-thermal-1024x768.jpg 1024w\" sizes=\"auto, (max-width: 1110px) 100vw, 1110px\" \/><\/figure>\n\n\n\n<p>Le centre thermal d\u2019Yverdon-les-Bains a \u00e9t\u00e9 fond\u00e9 en 1977. Au fil des ans, des bassins ext\u00e9rieurs, des saunas et des bains \u00e0 remous ont \u00e9t\u00e9 ajout\u00e9s. Une salle de sport et un espace bien-\u00eatre ont \u00e9galement \u00e9t\u00e9 am\u00e9nag\u00e9s. L\u2019ensemble de l\u2019installation technique a d\u00e9sormais \u00e9t\u00e9 adapt\u00e9 au niveau actuel de l\u2019\u00e9tat de la technique.<\/p>\n\n\n\n<p>Le bain thermal est tr\u00e8s populaire aupr\u00e8s des habitants de la r\u00e9gion, en particulier les bassins ext\u00e9rieurs et l\u2019espace bien-\u00eatre. Les personnes \u00e2g\u00e9es ou \u00e0 mobilit\u00e9 r\u00e9duite peuvent \u00e9galement faire appel au service de soins propos\u00e9, ce qui est tr\u00e8s appr\u00e9ci\u00e9.<\/p>\n\n\n\n<p>L\u2019eau thermale est extraite de sources profondes et est riche en sels min\u00e9raux et en min\u00e9raux. \u00c0 28\u00b0C, l\u2019eau bouillonnante est r\u00e9put\u00e9e pour ses vertus th\u00e9rapeutiques.<\/p>\n<\/div>\n\n\n\n<div class=\"wp-block-column is-layout-flow wp-block-column-is-layout-flow\" style=\"flex-basis:33.33%\">\n<p class=\"mb-0 has-blue-color has-text-color\"><strong>Ma\u00eetre d\u2019ouvrage<\/strong><\/p>\n\n\n\n<p>Cit\u00e9 des Bains SA<br>CH-1400 Yverdon-les-Bains<\/p>\n\n\n\n<p class=\"mb-0 has-blue-color has-text-color\"><strong>Architecte<\/strong><\/p>\n\n\n\n<p>Cit\u00e9 des Bains SA<br>CH-1400 Yverdon-les-Bains<\/p>\n\n\n\n<p class=\"mb-0 has-blue-color has-text-color\"><strong>P\u00e9riode<\/strong><\/p>\n\n\n\n<p>Realisation 2009-2015<\/p>\n\n\n\n<p class=\"mb-0 has-blue-color has-text-color\"><strong>Projet de construction<\/strong><\/p>\n\n\n\n<p>R\u00e9novation<\/p>\n\n\n\n<p class=\"mb-0 has-blue-color has-text-color\"><strong>Type de b\u00e2timent<\/strong><\/p>\n\n\n\n<p>Bain thermal<\/p>\n\n\n\n<p class=\"mb-0 has-blue-color has-text-color\"><strong>Nos prestations<\/strong><\/p>\n\n\n\n<ul class=\"is-style-list-carets-blue wp-block-list\"><li>Planification technique pour le chauffage, la ventilation, les installations sanitaires et les eaux de bassin<\/li><li>Conduite sp\u00e9cialis\u00e9e des travaux pour le chauffage, la ventilation, les installations sanitaires et les eaux de bassin<\/li><li>Gestion et coordination g\u00e9n\u00e9rales<\/li><\/ul>\n\n\n\n<p class=\"mb-0 has-blue-color has-text-color\"><strong>Groupes d\u2019immobilisations<\/strong><\/p>\n\n\n\n<p class=\"icon\">Chauffage<\/p>\n\n\n\n<p class=\"icon\">Ventilation<\/p>\n\n\n\n<p class=\"icon\">Sanitaire<\/p>\n\n\n\n<p class=\"icon\">Installations d\u2019eaux de bassin<\/p>\n<\/div>\n<\/div>\n<\/div><\/div>\n\n\n\n<p><\/p>\n","protected":false},"excerpt":{"rendered":"<p>Kannewischer | 2009-2015 |  <a class=\"understrap-read-more-link\" href=\"https:\/\/www.kannewischer.ch\/fr\/2015\/06\/centre-thermal-yverdon-les-bains\/\">Lire la suite<\/a><\/p>\n","protected":false},"author":1341,"featured_media":2516,"comment_status":"closed","ping_status":"closed","sticky":false,"template":"","format":"standard","meta":{"_acf_changed":false,"footnotes":""},"categories":[54,52],"tags":[],"class_list":["post-2519","post","type-post","status-publish","format-standard","has-post-thumbnail","hentry","category-piscines","category-toutes-les-references"],"acf":[],"_links":{"self":[{"href":"https:\/\/www.kannewischer.ch\/fr\/wp-json\/wp\/v2\/posts\/2519","targetHints":{"allow":["GET"]}}],"collection":[{"href":"https:\/\/www.kannewischer.ch\/fr\/wp-json\/wp\/v2\/posts"}],"about":[{"href":"https:\/\/www.kannewischer.ch\/fr\/wp-json\/wp\/v2\/types\/post"}],"author":[{"embeddable":true,"href":"https:\/\/www.kannewischer.ch\/fr\/wp-json\/wp\/v2\/users\/1341"}],"replies":[{"embeddable":true,"href":"https:\/\/www.kannewischer.ch\/fr\/wp-json\/wp\/v2\/comments?post=2519"}],"version-history":[{"count":2,"href":"https:\/\/www.kannewischer.ch\/fr\/wp-json\/wp\/v2\/posts\/2519\/revisions"}],"predecessor-version":[{"id":3621,"href":"https:\/\/www.kannewischer.ch\/fr\/wp-json\/wp\/v2\/posts\/2519\/revisions\/3621"}],"wp:featuredmedia":[{"embeddable":true,"href":"https:\/\/www.kannewischer.ch\/fr\/wp-json\/wp\/v2\/media\/2516"}],"wp:attachment":[{"href":"https:\/\/www.kannewischer.ch\/fr\/wp-json\/wp\/v2\/media?parent=2519"}],"wp:term":[{"taxonomy":"category","embeddable":true,"href":"https:\/\/www.kannewischer.ch\/fr\/wp-json\/wp\/v2\/categories?post=2519"},{"taxonomy":"post_tag","embeddable":true,"href":"https:\/\/www.kannewischer.ch\/fr\/wp-json\/wp\/v2\/tags?post=2519"}],"curies":[{"name":"wp","href":"https:\/\/api.w.org\/{rel}","templated":true}]}}