{"id":2563,"date":"2016-03-11T11:36:00","date_gmt":"2016-03-11T10:36:00","guid":{"rendered":"http:\/\/temp.kannewischer.ch\/2019\/03\/doloriso-imit-dalet\/"},"modified":"2021-01-25T14:08:34","modified_gmt":"2021-01-25T13:08:34","slug":"doloriso-imit-dalet","status":"publish","type":"post","link":"https:\/\/www.kannewischer.ch\/fr\/2016\/03\/doloriso-imit-dalet\/","title":{"rendered":"Piscine couverte Buchholz, Uster"},"content":{"rendered":"\n<div class=\"wp-block-group\"><div class=\"wp-block-group__inner-container is-layout-flow wp-block-group-is-layout-flow\">\n<h1 class=\"project wp-block-heading\">Piscine couverte Buchholz, Uster<\/h1>\n\n\n\n<div class=\"wp-block-columns project is-layout-flex wp-container-core-columns-is-layout-9d6595d7 wp-block-columns-is-layout-flex\">\n<div class=\"wp-block-column is-layout-flow wp-block-column-is-layout-flow\" style=\"flex-basis:66.66%\">\n<figure class=\"wp-block-image size-large\"><img loading=\"lazy\" decoding=\"async\" width=\"1110\" height=\"832\" src=\"https:\/\/www.kannewischer.ch\/wp-content\/uploads\/Uster-gut-1110x832.jpg\" alt=\"\" class=\"wp-image-3051\" srcset=\"https:\/\/www.kannewischer.ch\/wp-content\/uploads\/Uster-gut-1110x832.jpg 1110w, https:\/\/www.kannewischer.ch\/wp-content\/uploads\/Uster-gut-800x599.jpg 800w, https:\/\/www.kannewischer.ch\/wp-content\/uploads\/Uster-gut-768x575.jpg 768w, https:\/\/www.kannewischer.ch\/wp-content\/uploads\/Uster-gut.jpg 1280w\" sizes=\"auto, (max-width: 1110px) 100vw, 1110px\" \/><\/figure>\n\n\n\n<p>Un an et demi a \u00e9t\u00e9 n\u00e9cessaire aux entreprises sp\u00e9cialis\u00e9es pour construire un b\u00e2timent spacieux \u00e0 l\u2019architecture moderne et lumineuse. La piscine couverte de Buchholz offre d\u00e9sormais au sport populaire et de haut niveau la plus grande surface d\u2019eau de bassin de 2012&nbsp;m\u00b2 en Suisse.<\/p>\n\n\n\n<p>Une piscine de 50&nbsp;m et une pataugeoire s\u00e9duisante pour les tout-petits ont \u00e9t\u00e9 reconstruites et int\u00e9gr\u00e9es dans un nouveau b\u00e2timent \u00e0 c\u00f4t\u00e9 des bassins de loisirs et de sport de 25&nbsp;m existants, toboggan y compris.<\/p>\n\n\n\n<p>Toute nouvelle innovation en Suisse, la piscine olympique avec ses 10 lignes d\u2019eau peut \u00eatre divis\u00e9e gr\u00e2ce au pont de d\u00e9part mobile en deux bassins de 25&nbsp;m et en un bassin de 50&nbsp;m \u00e0 5 lignes d\u2019eau.<\/p>\n\n\n\n<p>Un espace bien-\u00eatre de 270&nbsp;m\u00b2 est \u00e9galement mis \u00e0 la disposition des baigneurs pour se d\u00e9tendre et se reposer.<\/p>\n\n\n\n<p>R\u00e9ouverte en d\u00e9cembre 2016, la piscine couverte Buchholz \u00e0 Uster est la plus grande piscine couverte publique de Suisse et un centre d\u2019excellence national pour la natation. La piscine couverte est certifi\u00e9e selon le label Minergie.<\/p>\n<\/div>\n\n\n\n<div class=\"wp-block-column is-layout-flow wp-block-column-is-layout-flow\" style=\"flex-basis:33.33%\">\n<h2 class=\"wp-block-heading\">Ma\u00eetre d\u2019ouvrage<\/h2>\n\n\n\n<p>Stadt Uster<br>Abteilung Gesundheit<br>CH-8610 Uster<\/p>\n\n\n\n<p class=\"mb-0 has-blue-color has-text-color\"><strong>Architecte<\/strong><\/p>\n\n\n\n<p>K&amp;L Architekten AG<br>CH-9012 St. Gallen<\/p>\n\n\n\n<p class=\"mb-0 has-blue-color has-text-color\"><strong>P\u00e9riode<\/strong><\/p>\n\n\n\n<p>R\u00e9alisation 2015-2016<\/p>\n\n\n\n<p class=\"mb-0 has-blue-color has-text-color\"><strong>Projet de construction<\/strong><\/p>\n\n\n\n<p>Nouveau b\u00e2timent<\/p>\n\n\n\n<p class=\"mb-0 has-blue-color has-text-color\"><strong>Type de b\u00e2timent<\/strong><\/p>\n\n\n\n<p>Piscine<\/p>\n\n\n\n<p class=\"mb-0 has-blue-color has-text-color\"><strong>Nos prestations<\/strong><\/p>\n\n\n\n<ul class=\"is-style-list-carets-blue wp-block-list\"><li>Planification technique pour le chauffage, la ventilation et les installations sanitaires<\/li><li>Conduite sp\u00e9cialis\u00e9e des travaux pour le chauffage, la ventilation, les installations sanitaires et les eaux de bassin<\/li><\/ul>\n\n\n\n<p class=\"mb-0 has-blue-color has-text-color\"><strong>Groupes d\u2019immobilisations<\/strong><\/p>\n\n\n\n<p class=\"icon\">Chauffage<\/p>\n\n\n\n<p class=\"icon\">Ventilation<\/p>\n\n\n\n<p class=\"icon\">Sanitaire<\/p>\n\n\n\n<p class=\"icon\">Installations d\u2019eaux de bassin<\/p>\n<\/div>\n<\/div>\n<\/div><\/div>\n\n\n\n<p><\/p>\n","protected":false},"excerpt":{"rendered":"<p>Kannewischer | 2015-2016 | <a class=\"understrap-read-more-link\" href=\"https:\/\/www.kannewischer.ch\/fr\/2016\/03\/doloriso-imit-dalet\/\">Lire la suite<\/a><\/p>\n","protected":false},"author":1335,"featured_media":3051,"comment_status":"closed","ping_status":"closed","sticky":false,"template":"","format":"standard","meta":{"_acf_changed":false,"footnotes":""},"categories":[54,52],"tags":[],"class_list":["post-2563","post","type-post","status-publish","format-standard","has-post-thumbnail","hentry","category-piscines","category-toutes-les-references"],"acf":[],"_links":{"self":[{"href":"https:\/\/www.kannewischer.ch\/fr\/wp-json\/wp\/v2\/posts\/2563","targetHints":{"allow":["GET"]}}],"collection":[{"href":"https:\/\/www.kannewischer.ch\/fr\/wp-json\/wp\/v2\/posts"}],"about":[{"href":"https:\/\/www.kannewischer.ch\/fr\/wp-json\/wp\/v2\/types\/post"}],"author":[{"embeddable":true,"href":"https:\/\/www.kannewischer.ch\/fr\/wp-json\/wp\/v2\/users\/1335"}],"replies":[{"embeddable":true,"href":"https:\/\/www.kannewischer.ch\/fr\/wp-json\/wp\/v2\/comments?post=2563"}],"version-history":[{"count":2,"href":"https:\/\/www.kannewischer.ch\/fr\/wp-json\/wp\/v2\/posts\/2563\/revisions"}],"predecessor-version":[{"id":3620,"href":"https:\/\/www.kannewischer.ch\/fr\/wp-json\/wp\/v2\/posts\/2563\/revisions\/3620"}],"wp:featuredmedia":[{"embeddable":true,"href":"https:\/\/www.kannewischer.ch\/fr\/wp-json\/wp\/v2\/media\/3051"}],"wp:attachment":[{"href":"https:\/\/www.kannewischer.ch\/fr\/wp-json\/wp\/v2\/media?parent=2563"}],"wp:term":[{"taxonomy":"category","embeddable":true,"href":"https:\/\/www.kannewischer.ch\/fr\/wp-json\/wp\/v2\/categories?post=2563"},{"taxonomy":"post_tag","embeddable":true,"href":"https:\/\/www.kannewischer.ch\/fr\/wp-json\/wp\/v2\/tags?post=2563"}],"curies":[{"name":"wp","href":"https:\/\/api.w.org\/{rel}","templated":true}]}}