{"id":3227,"date":"2019-11-26T13:14:47","date_gmt":"2019-11-26T12:14:47","guid":{"rendered":"http:\/\/temp.kannewischer.ch\/2019\/11\/strandbad-lachen-thun\/"},"modified":"2021-01-25T13:21:59","modified_gmt":"2021-01-25T12:21:59","slug":"strandbad-lachen-thun","status":"publish","type":"post","link":"https:\/\/www.kannewischer.ch\/fr\/2019\/11\/strandbad-lachen-thun\/","title":{"rendered":"Strandbad Lachen, Thoune"},"content":{"rendered":"\n<div class=\"wp-block-group\"><div class=\"wp-block-group__inner-container is-layout-flow wp-block-group-is-layout-flow\">\n<h1 class=\"project wp-block-heading\">Strandbad Lachen, Thoune<\/h1>\n\n\n\n<div class=\"wp-block-columns project is-layout-flex wp-container-core-columns-is-layout-9d6595d7 wp-block-columns-is-layout-flex\">\n<div class=\"wp-block-column is-layout-flow wp-block-column-is-layout-flow\" style=\"flex-basis:66.66%\">\n<figure class=\"wp-block-image size-large\"><img loading=\"lazy\" decoding=\"async\" width=\"1110\" height=\"833\" src=\"https:\/\/www.kannewischer.ch\/wp-content\/uploads\/P5160166-1110x833.jpg\" alt=\"\" class=\"wp-image-3084\" srcset=\"https:\/\/www.kannewischer.ch\/wp-content\/uploads\/P5160166-1110x833.jpg 1110w, https:\/\/www.kannewischer.ch\/wp-content\/uploads\/P5160166-800x600.jpg 800w, https:\/\/www.kannewischer.ch\/wp-content\/uploads\/P5160166-768x576.jpg 768w, https:\/\/www.kannewischer.ch\/wp-content\/uploads\/P5160166-1536x1152.jpg 1536w, https:\/\/www.kannewischer.ch\/wp-content\/uploads\/P5160166-2048x1536.jpg 2048w\" sizes=\"auto, (max-width: 1110px) 100vw, 1110px\" \/><figcaption>OLYMPUS DIGITAL CAMERA<\/figcaption><\/figure>\n\n\n\n<p>La plage avec vue sur les Alpes constitue le c\u0153ur de l\u2019ensemble des installations sportives de Lachen \u00e0 Thoune. Les bassins et l\u2019aile principale class\u00e9e de 1932\/33 ont \u00e9t\u00e9 enti\u00e8rement r\u00e9nov\u00e9s.<\/p>\n\n\n\n<p>Les abords et les acc\u00e8s aux autres zones du campus et au bord du lac devaient \u00e9galement \u00eatre revus et d\u00e9finis.<\/p>\n\n\n\n<p>Le sentier sur la rive et une exploitation temporaire possible \u00e0 des fins gastronomiques donnent une nouvelle utilisation hivernale (pendant la journ\u00e9e).<\/p>\n\n\n\n<p>Les vestiaires de l\u2019aile principale (site class\u00e9) ont \u00e9t\u00e9 modifi\u00e9s\/int\u00e9gr\u00e9s, l\u2019aile technique a \u00e9t\u00e9 agrandie et tous les bassins (50&nbsp;m, 25&nbsp;m, non-nageurs) ont \u00e9t\u00e9 agrandis et r\u00e9nov\u00e9s. De plus, la technologie des eaux de bassin a \u00e9t\u00e9 r\u00e9nov\u00e9e ou remplac\u00e9e et un syst\u00e8me photovolta\u00efque a \u00e9t\u00e9 install\u00e9.<\/p>\n\n\n\n<p>\u00c0 l\u2019issue de l\u2019assainissement, l\u2019espace de baignade est techniquement conforme aux derni\u00e8res r\u00e9glementations relatives \u00e0 la technologie des eaux de bassin et \u00e0 l\u2019efficacit\u00e9 \u00e9nerg\u00e9tique. Les agrandissements des bassins et leurs espaces suppl\u00e9mentaires cr\u00e9ent des zones aquatiques suppl\u00e9mentaires \u00e0 libre disposition des \u00e9coles et des clubs pendant les mois d\u2019\u00e9t\u00e9.<\/p>\n<\/div>\n\n\n\n<div class=\"wp-block-column is-layout-flow wp-block-column-is-layout-flow\" style=\"flex-basis:33.33%\">\n<p class=\"mb-0 has-blue-color has-text-color\"><strong>Ma\u00eetre d\u2019ouvrage<\/strong><\/p>\n\n\n\n<p>Stadt Thun. Amt f\u00fcr Stadtliegenschaften<br>CH-3602 Thoune<\/p>\n\n\n\n<p class=\"mb-0 has-blue-color has-text-color\"><strong>Architecte<\/strong><\/p>\n\n\n\n<p>Trachsel Zeltner Architekten AG<br>CH-3600 Thun<\/p>\n\n\n\n<p class=\"mb-0 has-blue-color has-text-color\"><strong>P\u00e9riode<\/strong><\/p>\n\n\n\n<p>2017-2019<\/p>\n\n\n\n<p class=\"mb-0 has-blue-color has-text-color\"><strong>Projet de construction<\/strong><\/p>\n\n\n\n<p>R\u00e9novation<\/p>\n\n\n\n<p class=\"mb-0 has-blue-color has-text-color\"><strong>Type de b\u00e2timent<\/strong><\/p>\n\n\n\n<p>Piscine en plein air<\/p>\n\n\n\n<p class=\"mb-0 has-blue-color has-text-color\"><strong>Nos prestations<\/strong><\/p>\n\n\n\n<ul class=\"is-style-list-carets-blue wp-block-list\"><li>Consortium de planification pour la planification technique des services du b\u00e2timent (chauffage, ventilation, les installations sanitaires, les eaux de bassin, les bassins en acier inoxydable), y compris la coordination technique pour l&rsquo;ensemble des services du b\u00e2timent<\/li><li>Concept \u00e9nerg\u00e9tique<\/li><\/ul>\n\n\n\n<p class=\"mb-0 has-blue-color has-text-color\"><strong>Groupes d\u2019immobilisations<\/strong><\/p>\n\n\n\n<p class=\"icon\">Chauffage<\/p>\n\n\n\n<p class=\"icon\">Ventilation<\/p>\n\n\n\n<p class=\"icon\">Sanitaire<\/p>\n\n\n\n<p class=\"icon\">Installations d\u2019eaux de bassin<\/p>\n\n\n\n<p>Bassins en acier inoxydable<\/p>\n<\/div>\n<\/div>\n<\/div><\/div>\n\n\n\n<p><\/p>\n","protected":false},"excerpt":{"rendered":"<p>Kannewischer | 2017-2019 | <a class=\"understrap-read-more-link\" href=\"https:\/\/www.kannewischer.ch\/fr\/2019\/11\/strandbad-lachen-thun\/\">Lire la suite<\/a><\/p>\n","protected":false},"author":1341,"featured_media":3084,"comment_status":"closed","ping_status":"closed","sticky":false,"template":"","format":"standard","meta":{"_acf_changed":false,"footnotes":""},"categories":[54,52],"tags":[],"class_list":["post-3227","post","type-post","status-publish","format-standard","has-post-thumbnail","hentry","category-piscines","category-toutes-les-references"],"acf":[],"_links":{"self":[{"href":"https:\/\/www.kannewischer.ch\/fr\/wp-json\/wp\/v2\/posts\/3227","targetHints":{"allow":["GET"]}}],"collection":[{"href":"https:\/\/www.kannewischer.ch\/fr\/wp-json\/wp\/v2\/posts"}],"about":[{"href":"https:\/\/www.kannewischer.ch\/fr\/wp-json\/wp\/v2\/types\/post"}],"author":[{"embeddable":true,"href":"https:\/\/www.kannewischer.ch\/fr\/wp-json\/wp\/v2\/users\/1341"}],"replies":[{"embeddable":true,"href":"https:\/\/www.kannewischer.ch\/fr\/wp-json\/wp\/v2\/comments?post=3227"}],"version-history":[{"count":1,"href":"https:\/\/www.kannewischer.ch\/fr\/wp-json\/wp\/v2\/posts\/3227\/revisions"}],"predecessor-version":[{"id":3609,"href":"https:\/\/www.kannewischer.ch\/fr\/wp-json\/wp\/v2\/posts\/3227\/revisions\/3609"}],"wp:featuredmedia":[{"embeddable":true,"href":"https:\/\/www.kannewischer.ch\/fr\/wp-json\/wp\/v2\/media\/3084"}],"wp:attachment":[{"href":"https:\/\/www.kannewischer.ch\/fr\/wp-json\/wp\/v2\/media?parent=3227"}],"wp:term":[{"taxonomy":"category","embeddable":true,"href":"https:\/\/www.kannewischer.ch\/fr\/wp-json\/wp\/v2\/categories?post=3227"},{"taxonomy":"post_tag","embeddable":true,"href":"https:\/\/www.kannewischer.ch\/fr\/wp-json\/wp\/v2\/tags?post=3227"}],"curies":[{"name":"wp","href":"https:\/\/api.w.org\/{rel}","templated":true}]}}