{"id":6232,"date":"2024-02-27T17:38:03","date_gmt":"2024-02-27T16:38:03","guid":{"rendered":"https:\/\/www.kannewischer.ch\/2024\/02\/hallenbad-appenzell\/"},"modified":"2025-12-23T10:18:39","modified_gmt":"2025-12-23T09:18:39","slug":"hallenbad-appenzell","status":"publish","type":"post","link":"https:\/\/www.kannewischer.ch\/fr\/2024\/02\/hallenbad-appenzell\/","title":{"rendered":"Piscine couverte, Appenzell"},"content":{"rendered":"\n<div class=\"wp-block-group is-layout-flow wp-block-group-is-layout-flow\">\n<h1 class=\"wp-block-heading project\">Piscine couverte, Appenzell<\/h1>\n\n\n\n<div class=\"wp-block-columns project is-layout-flex wp-container-core-columns-is-layout-9d6595d7 wp-block-columns-is-layout-flex\">\n<div class=\"wp-block-column is-layout-flow wp-block-column-is-layout-flow\" style=\"flex-basis:66.66%\">\n<figure data-wp-context=\"{&quot;imageId&quot;:&quot;69f219471b77a&quot;}\" data-wp-interactive=\"core\/image\" data-wp-key=\"69f219471b77a\" class=\"wp-block-image size-large wp-lightbox-container\"><img loading=\"lazy\" decoding=\"async\" width=\"1110\" height=\"833\" data-wp-class--hide=\"state.isContentHidden\" data-wp-class--show=\"state.isContentVisible\" data-wp-init=\"callbacks.setButtonStyles\" data-wp-on--click=\"actions.showLightbox\" data-wp-on--load=\"callbacks.setButtonStyles\" data-wp-on-window--resize=\"callbacks.setButtonStyles\" src=\"https:\/\/www.kannewischer.ch\/wp-content\/uploads\/Foto-mit-Name-Fotograf-1110x833.png\" alt=\"\" class=\"wp-image-5784\" srcset=\"https:\/\/www.kannewischer.ch\/wp-content\/uploads\/Foto-mit-Name-Fotograf-1110x833.png 1110w, https:\/\/www.kannewischer.ch\/wp-content\/uploads\/Foto-mit-Name-Fotograf-800x600.png 800w, https:\/\/www.kannewischer.ch\/wp-content\/uploads\/Foto-mit-Name-Fotograf-768x576.png 768w, https:\/\/www.kannewischer.ch\/wp-content\/uploads\/Foto-mit-Name-Fotograf-1536x1152.png 1536w, https:\/\/www.kannewischer.ch\/wp-content\/uploads\/Foto-mit-Name-Fotograf.png 1800w\" sizes=\"auto, (max-width: 1110px) 100vw, 1110px\" \/><button\n\t\t\tclass=\"lightbox-trigger\"\n\t\t\ttype=\"button\"\n\t\t\taria-haspopup=\"dialog\"\n\t\t\taria-label=\"Agrandir\"\n\t\t\tdata-wp-init=\"callbacks.initTriggerButton\"\n\t\t\tdata-wp-on--click=\"actions.showLightbox\"\n\t\t\tdata-wp-style--right=\"state.imageButtonRight\"\n\t\t\tdata-wp-style--top=\"state.imageButtonTop\"\n\t\t>\n\t\t\t<svg xmlns=\"http:\/\/www.w3.org\/2000\/svg\" width=\"12\" height=\"12\" fill=\"none\" viewBox=\"0 0 12 12\">\n\t\t\t\t<path fill=\"#fff\" d=\"M2 0a2 2 0 0 0-2 2v2h1.5V2a.5.5 0 0 1 .5-.5h2V0H2Zm2 10.5H2a.5.5 0 0 1-.5-.5V8H0v2a2 2 0 0 0 2 2h2v-1.5ZM8 12v-1.5h2a.5.5 0 0 0 .5-.5V8H12v2a2 2 0 0 1-2 2H8Zm2-12a2 2 0 0 1 2 2v2h-1.5V2a.5.5 0 0 0-.5-.5H8V0h2Z\" \/>\n\t\t\t<\/svg>\n\t\t<\/button><\/figure>\n\n\n\n<p>Dans le canton d&rsquo;Appenzell Rhodes-Int\u00e9rieures, la nouvelle piscine couverte a \u00e9t\u00e9 mise en service en juin 2022 gr\u00e2ce \u00e0 un investissement de 21 millions de francs suisses. Une architecture moderne associ\u00e9 \u00e0 une technique d&rsquo;ing\u00e9nierie \u00e9nerg\u00e9tique s&rsquo;imbriquent les unes dans les autres et ont exig\u00e9 de tous les participants des performances maximales. Le bois et la lumi\u00e8re caract\u00e9risent l&rsquo;aspect de la nouvelle piscine couverte.<\/p>\n\n\n\n<p>Le nouveau b\u00e2timent \u00e0 deux \u00e9tages comprend, en outre les diff\u00e9rents bassins de natation en acier inoxydable, un espace de bien-\u00eatre et une zone de repos moderne. Les visiteurs peuvent ainsi se r\u00e9jouir d&rsquo;un grand bassin de natation avec cinq couloirs ainsi qu\u2019un secteur approfondi pour la plong\u00e9e. Il y a \u00e9galement un bassin polyvalent ainsi qu&rsquo;une pataugeoire avec un toboggan et des jeux d&rsquo;eau.<\/p>\n\n\n\n<p>Pour ceux qui souhaitent se d\u00e9tendre, un vaste espace de bien-\u00eatre est mis \u00e0 disposition. Cet espace est \u00e9quip\u00e9 d&rsquo;un sauna finlandais, d&rsquo;un sauna Appenzellois, d&rsquo;un bassin d&rsquo;eau froide ainsi que de salles de massage et de repos.<\/p>\n\n\n\n<p>Gr\u00e2ce aux installations sonores de l&rsquo;artiste Roswitha Gobbo, les visiteurs sont envelopp\u00e9s d&rsquo;une exp\u00e9rience sonore douce et apaisante.<\/p>\n\n\n\n<p>Pour la construction de la nouvelle piscine couverte d&rsquo;Appenzell, seul du bois provenant du canton d&rsquo;Appenzell Rhodes-Int\u00e9rieures a \u00e9t\u00e9 utilis\u00e9, ce qui tient compte \u00e0 la fois de crit\u00e8res \u00e9conomiques et \u00e9cologiques.<\/p>\n<\/div>\n\n\n\n<div class=\"wp-block-column is-layout-flow wp-block-column-is-layout-flow\" style=\"flex-basis:33.33%\">\n<p class=\"mb-0 has-blue-color has-text-color\"><strong><strong>Ma\u00eetre d\u2019ouvrage<\/strong><\/strong><\/p>\n\n\n\n<p>Canton Appenzell Rhodes-Int\u00e9rieures<br>CH-9050 Appenzell<\/p>\n\n\n\n<p class=\"mb-0 has-blue-color has-text-color\"><strong><strong>Architecte<\/strong><\/strong><\/p>\n\n\n\n<p>Peter Moor GmbH<br>CH-8006 Z\u00fcrich <\/p>\n\n\n\n<p class=\"mb-0 has-blue-color has-text-color\"><strong><strong>Direction des travaux<\/strong><\/strong><\/p>\n\n\n\n<p>Baudata Baumanagement <br>CH-9470 Buchs<\/p>\n\n\n\n<p class=\"mb-0 has-blue-color has-text-color\"><strong><strong>P\u00e9riode<\/strong><\/strong><\/p>\n\n\n\n<p>R\u00e9alisation de 2019 \u00e0 2022<\/p>\n\n\n\n<p class=\"mb-0 has-blue-color has-text-color\"><strong><strong>Projet de construction<\/strong><\/strong><\/p>\n\n\n\n<p>Nouveau b\u00e2timent<\/p>\n\n\n\n<p class=\"mb-0 has-blue-color has-text-color\"><strong><strong><strong>Type de b\u00e2timent<\/strong><\/strong><\/strong><\/p>\n\n\n\n<p>Nouveau b\u00e2timent<\/p>\n\n\n\n<p class=\"mb-0 has-blue-color has-text-color\"><strong><strong><strong>Nos prestations<\/strong><\/strong><\/strong><\/p>\n\n\n\n<ul class=\"wp-block-list\">\n<li>TPlanification technique des corps de m\u00e9tier<\/li>\n\n\n\n<li>Coordination sp\u00e9cialis\u00e9e C\/V\/C\/S\/E\/A CNS<\/li>\n\n\n\n<li>Direction des travaux sp\u00e9cialis\u00e9s C\/V\/C\/S\/E CNS<\/li>\n<\/ul>\n\n\n\n<p class=\"mb-0 has-blue-color has-text-color\"><strong><strong>Groupes d\u2019immobilisations<\/strong><\/strong><\/p>\n\n\n\n<p class=\"icon\">Chauffage<br>Ventilation<br>Climatisation<br>Sanitaire<br>Installation eaux de bassin<br>automatisation des b\u00e2timents<br>Bassins en acier inoxydable<\/p>\n\n\n\n<p class=\"icon\"><br><\/p>\n<\/div>\n<\/div>\n<\/div>\n\n\n\n<p><\/p>\n","protected":false},"excerpt":{"rendered":"<p>Kannewischer | 2019-2022 | <a class=\"understrap-read-more-link\" href=\"https:\/\/www.kannewischer.ch\/fr\/2024\/02\/hallenbad-appenzell\/\">Lire la suite<\/a><\/p>\n","protected":false},"author":1341,"featured_media":5786,"comment_status":"closed","ping_status":"closed","sticky":false,"template":"","format":"standard","meta":{"_acf_changed":false,"footnotes":""},"categories":[62,54,52],"tags":[],"class_list":["post-6232","post","type-post","status-publish","format-standard","has-post-thumbnail","hentry","category-home-fr","category-piscines","category-toutes-les-references"],"acf":[],"_links":{"self":[{"href":"https:\/\/www.kannewischer.ch\/fr\/wp-json\/wp\/v2\/posts\/6232","targetHints":{"allow":["GET"]}}],"collection":[{"href":"https:\/\/www.kannewischer.ch\/fr\/wp-json\/wp\/v2\/posts"}],"about":[{"href":"https:\/\/www.kannewischer.ch\/fr\/wp-json\/wp\/v2\/types\/post"}],"author":[{"embeddable":true,"href":"https:\/\/www.kannewischer.ch\/fr\/wp-json\/wp\/v2\/users\/1341"}],"replies":[{"embeddable":true,"href":"https:\/\/www.kannewischer.ch\/fr\/wp-json\/wp\/v2\/comments?post=6232"}],"version-history":[{"count":2,"href":"https:\/\/www.kannewischer.ch\/fr\/wp-json\/wp\/v2\/posts\/6232\/revisions"}],"predecessor-version":[{"id":6359,"href":"https:\/\/www.kannewischer.ch\/fr\/wp-json\/wp\/v2\/posts\/6232\/revisions\/6359"}],"wp:featuredmedia":[{"embeddable":true,"href":"https:\/\/www.kannewischer.ch\/fr\/wp-json\/wp\/v2\/media\/5786"}],"wp:attachment":[{"href":"https:\/\/www.kannewischer.ch\/fr\/wp-json\/wp\/v2\/media?parent=6232"}],"wp:term":[{"taxonomy":"category","embeddable":true,"href":"https:\/\/www.kannewischer.ch\/fr\/wp-json\/wp\/v2\/categories?post=6232"},{"taxonomy":"post_tag","embeddable":true,"href":"https:\/\/www.kannewischer.ch\/fr\/wp-json\/wp\/v2\/tags?post=6232"}],"curies":[{"name":"wp","href":"https:\/\/api.w.org\/{rel}","templated":true}]}}